{"id":648,"date":"2025-08-05T18:25:00","date_gmt":"2025-08-05T16:25:00","guid":{"rendered":"https:\/\/www.uruservice.com\/cr\/?p=648"},"modified":"2025-08-05T18:25:00","modified_gmt":"2025-08-05T16:25:00","slug":"trabajo-de-limpieza-en-san-isidro-de-el-general","status":"publish","type":"post","link":"https:\/\/www.uruservice.com\/cr\/trabajo-de-limpieza-en-san-isidro-de-el-general\/","title":{"rendered":"Trabajo de limpieza en San Isidro de El General"},"content":{"rendered":"<p><html><body><\/p>\n<p>Si est\u00e1 interesado en un empleo como personal de limpieza, le invitamos a enviar su postulaci\u00f3n en cualquier momento del a\u00f1o. Actualmente no contamos con vacantes abiertas, pero conservamos todos los curr\u00edculos recibidos para considerarlos en futuros procesos de selecci\u00f3n. Buscamos personas responsables, con disponibilidad horaria flexible, una actitud positiva y experiencia en labores de aseo en hogares, oficinas, edificios o \u00e1reas comunes. Su perfil ser\u00e1 evaluado con detenimiento cuando se presenten nuevas oportunidades, garantizando as\u00ed un contacto oportuno y profesional.<\/p>\n<h2><span class=\"ez-toc-section\" id=\"Envie_su_hoja_de_vida_para_futuras_vacantes_en_limpieza_en_San_Isidro_de_El_General\"><\/span>Env\u00ede su hoja de vida para futuras vacantes en limpieza en San Isidro de El General<span class=\"ez-toc-section-end\"><\/span><\/h2>\n<p>Si est\u00e1 interesado en formar parte de nuestro equipo de trabajo, le invitamos a enviar su hoja de vida para considerar su perfil en futuros puestos de limpieza en San Isidro de El General. Nuestra empresa valora el compromiso y la responsabilidad del personal para tareas de limpieza, ofreciendo empleos en labores de aseo que contribuyen a un ambiente ordenado y seguro. Contamos con procesos serios de selecci\u00f3n que permiten integrar colaboradores con una actitud profesional y dedicada.<\/p>\n<p><strong>Al unirse a nosotros, usted podr\u00e1 disfrutar de estabilidad laboral y un entorno de trabajo cordial<\/strong>, donde se reconoce el esfuerzo diario y se promueve la colaboraci\u00f3n entre compa\u00f1eros. Nuestro objetivo es brindar oportunidades reales para quienes desean desempe\u00f1arse en el \u00e1rea de limpieza, asegurando condiciones justas y un trato respetuoso. Lo invitamos a enviar su curr\u00edculum para evaluar su postulaci\u00f3n y sumar su talento a nuestro equipo.<\/p>\n<div style=\"text-align:center;\"> <a class=\"boton-postulacion\" href=\"\/cr\/trabaja-con-nosotros\">Postularme a esta vacante<\/a> <\/div>\n<h2><span class=\"ez-toc-section\" id=\"%C2%BFComo_saber_si_posee_el_perfil_adecuado_para_limpieza_en_San_Isidro_de_El_General\"><\/span>\u00bfC\u00f3mo saber si posee el perfil adecuado para limpieza en San Isidro de El General?<span class=\"ez-toc-section-end\"><\/span><\/h2>\n<p>Valoramos perfiles con experiencia que demuestren responsabilidad y atenci\u00f3n al detalle, cualidades esenciales para mantener los espacios impecables en San Isidro de El General. Usted, como aspirante comprometido, encontrar\u00e1 en nuestro equipo un ambiente que reconoce la dedicaci\u00f3n y el profesionalismo en cada tarea de limpieza, fomentando as\u00ed un desarrollo constante y un trabajo bien hecho.<\/p>\n<h3><span class=\"ez-toc-section\" id=\"Perfil_ideal\"><\/span><strong>Perfil ideal:<\/strong><span class=\"ez-toc-section-end\"><\/span><\/h3>\n<ul>\n<li>Experiencia previa en labores de limpieza (casas, oficinas o edificios)<\/li>\n<li>Compromiso y actitud responsable en el trabajo<\/li>\n<li>Disponibilidad de horario en turnos de ma\u00f1ana o tarde<\/li>\n<li>Puntualidad y sentido de la responsabilidad<\/li>\n<li>Capacidad para seguir instrucciones y trabajar en equipo<\/li>\n<\/ul>\n<h2><span class=\"ez-toc-section\" id=\"Conozca_los_requisitos_que_debe_cumplir_para_postularse_a_estos_empleos\"><\/span>Conozca los requisitos que debe cumplir para postularse a estos empleos<span class=\"ez-toc-section-end\"><\/span><\/h2>\n<p>Para integrar nuestro equipo en San Isidro de El General, tomamos en cuenta aspirantes responsables que cuenten con experiencia previa valorada y disponibilidad de horario compatible con las necesidades del servicio. Adem\u00e1s, consideramos fundamental que usted resida en la zona, ya que esto facilita la puntualidad y el compromiso con las labores asignadas. Su perfil ser\u00e1 evaluado cuidadosamente para asegurar que cumple con las condiciones requeridas y contribuir as\u00ed a la calidad que ofrecemos.<\/p>\n<h3><span class=\"ez-toc-section\" id=\"Requisitos_minimos\"><\/span><strong>Requisitos m\u00ednimos:<\/strong><span class=\"ez-toc-section-end\"><\/span><\/h3>\n<ul>\n<li>Ser mayor de 18 a\u00f1os<\/li>\n<li>Contar con permiso de trabajo vigente (cuando corresponda)<\/li>\n<li>Experiencia previa en labores similares (deseable)<\/li>\n<li>Disponibilidad de horario flexible<\/li>\n<li>Residir en San Isidro de El General o en zonas cercanas<\/li>\n<\/ul>\n<div style=\"text-align:center;\"> <a class=\"boton-postulacion\" href=\"\/cr\/trabaja-con-nosotros\">Enviar mi solicitud<\/a> <\/div>\n<h2><span class=\"ez-toc-section\" id=\"%C2%BFQue_ventajas_tiene_trabajar_con_nosotros_en_San_Isidro_de_El_General\"><\/span>\u00bfQu\u00e9 ventajas tiene trabajar con nosotros en San Isidro de El General?<span class=\"ez-toc-section-end\"><\/span><\/h2>\n<p>Si se integra a nuestro equipo en San Isidro de El General, usted podr\u00e1 acceder a puestos estables con turnos adaptados a sus necesidades, lo que habitualmente ofrecemos para facilitar un equilibrio entre su vida personal y laboral. Adem\u00e1s, promovemos un ambiente de trabajo respetuoso y colaborativo, respaldado por beneficios laborales que fomentan su desarrollo y compromiso continuo.<\/p>\n<ul>\n<li>Oportunidad de integrarse a un equipo estable<\/li>\n<li>Herramientas y suministros provistos<\/li>\n<li>Labores bien organizadas<\/li>\n<li>Valoramos su compromiso y dedicaci\u00f3n<\/li>\n<\/ul>\n<h2><span class=\"ez-toc-section\" id=\"Pasos_para_enviar_correctamente_su_solicitud\"><\/span>Pasos para enviar correctamente su solicitud<span class=\"ez-toc-section-end\"><\/span><\/h2>\n<p>Para postularse a un empleo de limpieza en San Isidro de El General, le invitamos a completar el formulario de empleo en l\u00ednea y realizar el registro de sus datos personales y experiencia. Nuestro equipo revisa peri\u00f3dicamente cada env\u00edo de curr\u00edculum, sin que esto garantice una oferta laboral inmediata. Le recomendamos mantener actualizada su informaci\u00f3n para que su solicitud sea considerada en futuras vacantes.<\/p>\n<div style=\"text-align:center;\"> <a class=\"boton-postulacion\" href=\"\/cr\/trabaja-con-nosotros\">Enviar mi solicitud<\/a> <\/div>\n<h2><span class=\"ez-toc-section\" id=\"%C2%BFQue_implica_enviar_su_curriculum_en_esta_pagina\"><\/span>\u00bfQu\u00e9 implica enviar su curr\u00edculum en esta p\u00e1gina?<span class=\"ez-toc-section-end\"><\/span><\/h2>\n<p>Al enviar su curr\u00edculum a trav\u00e9s de esta plataforma, usted est\u00e1 dejando sus datos e informaci\u00f3n profesional en un espacio dise\u00f1ado para recibir candidaturas de manera anticipada para empleos de limpieza en San Isidro de El General. Es importante destacar que esta p\u00e1gina no representa una oferta laboral activa, por lo que el env\u00edo de su hoja de vida no garantiza un contacto inmediato ni asegura su inclusi\u00f3n en un proceso de selecci\u00f3n. Agradecemos su inter\u00e9s y le invitamos a mantener su informaci\u00f3n actualizada para futuras oportunidades.<\/p>\n<div style=\"text-align:center;\"> <a class=\"boton-postulacion\" href=\"\/cr\/trabaja-con-nosotros\">Deseo postularme<\/a> <\/div>\n<h2><span class=\"ez-toc-section\" id=\"Preguntas_frecuentes\"><\/span>Preguntas frecuentes<span class=\"ez-toc-section-end\"><\/span><\/h2>\n<ul>\n<li><strong>\u00bfQu\u00e9 tipos de limpieza ofrecen en San Isidro de El General?<\/strong>       Ofrecemos servicios de limpieza profesional para oficinas, casas, edificios y centros p\u00fablicos. Nos adaptamos a las necesidades espec\u00edficas de cada cliente, asegurando un ambiente limpio y saludable en cualquier tipo de espacio.<\/li>\n<li><strong>\u00bfCuentan con horarios flexibles para la limpieza?<\/strong>       S\u00ed, disponemos de horarios flexibles para ajustarnos a su disponibilidad. Podemos realizar la limpieza en horarios matutinos, vespertinos o nocturnos, facilitando as\u00ed la continuidad de sus actividades sin interrupciones.<\/li>\n<li><strong>\u00bfOfrecen turnos rotativos para la limpieza en oficinas o edificios?<\/strong>       S\u00ed, implementamos turnos rotativos que permiten mantener una limpieza constante y eficiente durante todo el d\u00eda. Esto es ideal para espacios con alta afluencia de personas o que requieren mantenimiento continuo.<\/li>\n<li><strong>\u00bfC\u00f3mo aseguran la compatibilidad del servicio de limpieza con la vida familiar de los empleados?<\/strong>       Nos preocupamos por el bienestar de nuestro personal, por lo que organizamos los turnos y horarios de manera que sean compatibles con la vida familiar, promoviendo un ambiente laboral saludable y equilibrado.<\/li>\n<li><strong>\u00bfPueden realizar limpieza en centros p\u00fablicos sin afectar el funcionamiento del lugar?<\/strong>       S\u00ed, nuestros equipos est\u00e1n entrenados para trabajar de manera eficiente y discreta, minimizando cualquier impacto en el funcionamiento diario de centros p\u00fablicos y asegurando un entorno limpio sin interrupciones.<\/li>\n<\/ul>\n<p><\/body><\/html><\/p>\n<div id=\"ez-toc-container\" class=\"ez-toc-v2_0_81 counter-hierarchy ez-toc-counter ez-toc-grey ez-toc-container-direction\">\n<div class=\"ez-toc-title-container\">\n<p class=\"ez-toc-title\" style=\"cursor:inherit\">\u00cdndice<\/p>\n<span class=\"ez-toc-title-toggle\"><a href=\"#\" class=\"ez-toc-pull-right ez-toc-btn ez-toc-btn-xs ez-toc-btn-default ez-toc-toggle\" aria-label=\"Alternar tabla de contenidos\"><span class=\"ez-toc-js-icon-con\"><span class=\"\"><span class=\"eztoc-hide\" style=\"display:none;\">Toggle<\/span><span class=\"ez-toc-icon-toggle-span\"><svg style=\"fill: #999;color:#999\" xmlns=\"http:\/\/www.w3.org\/2000\/svg\" class=\"list-377408\" width=\"20px\" height=\"20px\" viewBox=\"0 0 24 24\" fill=\"none\"><path d=\"M6 6H4v2h2V6zm14 0H8v2h12V6zM4 11h2v2H4v-2zm16 0H8v2h12v-2zM4 16h2v2H4v-2zm16 0H8v2h12v-2z\" fill=\"currentColor\"><\/path><\/svg><svg style=\"fill: #999;color:#999\" class=\"arrow-unsorted-368013\" xmlns=\"http:\/\/www.w3.org\/2000\/svg\" width=\"10px\" height=\"10px\" viewBox=\"0 0 24 24\" version=\"1.2\" baseProfile=\"tiny\"><path d=\"M18.2 9.3l-6.2-6.3-6.2 6.3c-.2.2-.3.4-.3.7s.1.5.3.7c.2.2.4.3.7.3h11c.3 0 .5-.1.7-.3.2-.2.3-.5.3-.7s-.1-.5-.3-.7zM5.8 14.7l6.2 6.3 6.2-6.3c.2-.2.3-.5.3-.7s-.1-.5-.3-.7c-.2-.2-.4-.3-.7-.3h-11c-.3 0-.5.1-.7.3-.2.2-.3.5-.3.7s.1.5.3.7z\"\/><\/svg><\/span><\/span><\/span><\/a><\/span><\/div>\n<nav><ul class='ez-toc-list ez-toc-list-level-1 eztoc-toggle-hide-by-default' ><li class='ez-toc-page-1 ez-toc-heading-level-2'><a class=\"ez-toc-link ez-toc-heading-1\" href=\"https:\/\/www.uruservice.com\/cr\/trabajo-de-limpieza-en-san-isidro-de-el-general\/#Envie_su_hoja_de_vida_para_futuras_vacantes_en_limpieza_en_San_Isidro_de_El_General\" >Env\u00ede su hoja de vida para futuras vacantes en limpieza en San Isidro de El General<\/a><\/li><li class='ez-toc-page-1 ez-toc-heading-level-2'><a class=\"ez-toc-link ez-toc-heading-2\" href=\"https:\/\/www.uruservice.com\/cr\/trabajo-de-limpieza-en-san-isidro-de-el-general\/#%C2%BFComo_saber_si_posee_el_perfil_adecuado_para_limpieza_en_San_Isidro_de_El_General\" >\u00bfC\u00f3mo saber si posee el perfil adecuado para limpieza en San Isidro de El General?<\/a><ul class='ez-toc-list-level-3' ><li class='ez-toc-heading-level-3'><a class=\"ez-toc-link ez-toc-heading-3\" href=\"https:\/\/www.uruservice.com\/cr\/trabajo-de-limpieza-en-san-isidro-de-el-general\/#Perfil_ideal\" >Perfil ideal:<\/a><\/li><\/ul><\/li><li class='ez-toc-page-1 ez-toc-heading-level-2'><a class=\"ez-toc-link ez-toc-heading-4\" href=\"https:\/\/www.uruservice.com\/cr\/trabajo-de-limpieza-en-san-isidro-de-el-general\/#Conozca_los_requisitos_que_debe_cumplir_para_postularse_a_estos_empleos\" >Conozca los requisitos que debe cumplir para postularse a estos empleos<\/a><ul class='ez-toc-list-level-3' ><li class='ez-toc-heading-level-3'><a class=\"ez-toc-link ez-toc-heading-5\" href=\"https:\/\/www.uruservice.com\/cr\/trabajo-de-limpieza-en-san-isidro-de-el-general\/#Requisitos_minimos\" >Requisitos m\u00ednimos:<\/a><\/li><\/ul><\/li><li class='ez-toc-page-1 ez-toc-heading-level-2'><a class=\"ez-toc-link ez-toc-heading-6\" href=\"https:\/\/www.uruservice.com\/cr\/trabajo-de-limpieza-en-san-isidro-de-el-general\/#%C2%BFQue_ventajas_tiene_trabajar_con_nosotros_en_San_Isidro_de_El_General\" >\u00bfQu\u00e9 ventajas tiene trabajar con nosotros en San Isidro de El General?<\/a><\/li><li class='ez-toc-page-1 ez-toc-heading-level-2'><a class=\"ez-toc-link ez-toc-heading-7\" href=\"https:\/\/www.uruservice.com\/cr\/trabajo-de-limpieza-en-san-isidro-de-el-general\/#Pasos_para_enviar_correctamente_su_solicitud\" >Pasos para enviar correctamente su solicitud<\/a><\/li><li class='ez-toc-page-1 ez-toc-heading-level-2'><a class=\"ez-toc-link ez-toc-heading-8\" href=\"https:\/\/www.uruservice.com\/cr\/trabajo-de-limpieza-en-san-isidro-de-el-general\/#%C2%BFQue_implica_enviar_su_curriculum_en_esta_pagina\" >\u00bfQu\u00e9 implica enviar su curr\u00edculum en esta p\u00e1gina?<\/a><\/li><li class='ez-toc-page-1 ez-toc-heading-level-2'><a class=\"ez-toc-link ez-toc-heading-9\" href=\"https:\/\/www.uruservice.com\/cr\/trabajo-de-limpieza-en-san-isidro-de-el-general\/#Preguntas_frecuentes\" >Preguntas frecuentes<\/a><\/li><\/ul><\/nav><\/div>\n","protected":false},"excerpt":{"rendered":"<p>Si est\u00e1 interesado en un empleo como personal de limpieza, le invitamos a enviar su postulaci\u00f3n en cualquier momento del a\u00f1o. Actualmente no contamos con vacantes abiertas, pero conservamos todos los curr\u00edculos recibidos para considerarlos en futuros procesos de selecci\u00f3n. Buscamos personas responsables, con disponibilidad horaria flexible, una actitud positiva y experiencia en labores de [&hellip;]<\/p>\n","protected":false},"author":1,"featured_media":642,"comment_status":"open","ping_status":"open","sticky":false,"template":"","format":"standard","meta":{"footnotes":""},"categories":[5],"tags":[],"class_list":["post-648","post","type-post","status-publish","format-standard","has-post-thumbnail","hentry","category-empleo"],"blocksy_meta":[],"yoast_head":"<!-- This site is optimized with the Yoast SEO plugin v27.1.1 - https:\/\/yoast.com\/product\/yoast-seo-wordpress\/ -->\n<title>Empleo en limpieza en San Isidro de El General | Env\u00ede su curr\u00edculum<\/title>\n<meta name=\"description\" content=\"Esta p\u00e1gina permite enviar curr\u00edculums para ser analizados y considerados en procesos de selecci\u00f3n cuando surjan vacantes en el \u00e1rea de limpieza\" \/>\n<meta name=\"robots\" content=\"index, follow, max-snippet:-1, max-image-preview:large, max-video-preview:-1\" \/>\n<link rel=\"canonical\" href=\"https:\/\/www.uruservice.com\/cr\/trabajo-de-limpieza-en-san-isidro-de-el-general\/\" \/>\n<meta property=\"og:locale\" content=\"es_ES\" \/>\n<meta property=\"og:type\" content=\"article\" \/>\n<meta property=\"og:title\" content=\"Empleo en limpieza en San Isidro de El General | Env\u00ede su curr\u00edculum\" \/>\n<meta property=\"og:description\" content=\"Esta p\u00e1gina permite enviar curr\u00edculums para ser analizados y considerados en procesos de selecci\u00f3n cuando surjan vacantes en el \u00e1rea de limpieza\" \/>\n<meta property=\"og:url\" content=\"https:\/\/www.uruservice.com\/cr\/trabajo-de-limpieza-en-san-isidro-de-el-general\/\" \/>\n<meta property=\"og:site_name\" content=\"Costa Rica\" \/>\n<meta property=\"article:published_time\" content=\"2025-08-05T16:25:00+00:00\" \/>\n<meta property=\"og:image\" content=\"https:\/\/www.uruservice.com\/cr\/wp-content\/uploads\/sites\/49\/2025\/08\/oferta-limpieza.jpg\" \/>\n\t<meta property=\"og:image:width\" content=\"1450\" \/>\n\t<meta property=\"og:image:height\" content=\"686\" \/>\n\t<meta property=\"og:image:type\" content=\"image\/jpeg\" \/>\n<meta name=\"author\" content=\"madindio\" \/>\n<meta name=\"twitter:card\" content=\"summary_large_image\" \/>\n<meta name=\"twitter:label1\" content=\"Escrito por\" \/>\n\t<meta name=\"twitter:data1\" content=\"madindio\" \/>\n\t<meta name=\"twitter:label2\" content=\"Tiempo de lectura\" \/>\n\t<meta name=\"twitter:data2\" content=\"5 minutos\" \/>\n<script type=\"application\/ld+json\" class=\"yoast-schema-graph\">{\"@context\":\"https:\/\/schema.org\",\"@graph\":[{\"@type\":\"Article\",\"@id\":\"https:\/\/www.uruservice.com\/cr\/trabajo-de-limpieza-en-san-isidro-de-el-general\/#article\",\"isPartOf\":{\"@id\":\"https:\/\/www.uruservice.com\/cr\/trabajo-de-limpieza-en-san-isidro-de-el-general\/\"},\"author\":{\"name\":\"madindio\",\"@id\":\"https:\/\/www.uruservice.com\/cr\/#\/schema\/person\/31d96ea0e6c72ae23ec4f725e949fdab\"},\"headline\":\"Trabajo de limpieza en San Isidro de El General\",\"datePublished\":\"2025-08-05T16:25:00+00:00\",\"mainEntityOfPage\":{\"@id\":\"https:\/\/www.uruservice.com\/cr\/trabajo-de-limpieza-en-san-isidro-de-el-general\/\"},\"wordCount\":1005,\"commentCount\":0,\"publisher\":{\"@id\":\"https:\/\/www.uruservice.com\/cr\/#\/schema\/person\/31d96ea0e6c72ae23ec4f725e949fdab\"},\"image\":{\"@id\":\"https:\/\/www.uruservice.com\/cr\/trabajo-de-limpieza-en-san-isidro-de-el-general\/#primaryimage\"},\"thumbnailUrl\":\"https:\/\/www.uruservice.com\/cr\/wp-content\/uploads\/sites\/49\/2025\/08\/oferta-limpieza.jpg\",\"articleSection\":[\"Empleo\"],\"inLanguage\":\"es\",\"potentialAction\":[{\"@type\":\"CommentAction\",\"name\":\"Comment\",\"target\":[\"https:\/\/www.uruservice.com\/cr\/trabajo-de-limpieza-en-san-isidro-de-el-general\/#respond\"]}]},{\"@type\":\"WebPage\",\"@id\":\"https:\/\/www.uruservice.com\/cr\/trabajo-de-limpieza-en-san-isidro-de-el-general\/\",\"url\":\"https:\/\/www.uruservice.com\/cr\/trabajo-de-limpieza-en-san-isidro-de-el-general\/\",\"name\":\"Empleo en limpieza en San Isidro de El General | Env\u00ede su curr\u00edculum\",\"isPartOf\":{\"@id\":\"https:\/\/www.uruservice.com\/cr\/#website\"},\"primaryImageOfPage\":{\"@id\":\"https:\/\/www.uruservice.com\/cr\/trabajo-de-limpieza-en-san-isidro-de-el-general\/#primaryimage\"},\"image\":{\"@id\":\"https:\/\/www.uruservice.com\/cr\/trabajo-de-limpieza-en-san-isidro-de-el-general\/#primaryimage\"},\"thumbnailUrl\":\"https:\/\/www.uruservice.com\/cr\/wp-content\/uploads\/sites\/49\/2025\/08\/oferta-limpieza.jpg\",\"datePublished\":\"2025-08-05T16:25:00+00:00\",\"description\":\"Esta p\u00e1gina permite enviar curr\u00edculums para ser analizados y considerados en procesos de selecci\u00f3n cuando surjan vacantes en el \u00e1rea de limpieza\",\"breadcrumb\":{\"@id\":\"https:\/\/www.uruservice.com\/cr\/trabajo-de-limpieza-en-san-isidro-de-el-general\/#breadcrumb\"},\"inLanguage\":\"es\",\"potentialAction\":[{\"@type\":\"ReadAction\",\"target\":[\"https:\/\/www.uruservice.com\/cr\/trabajo-de-limpieza-en-san-isidro-de-el-general\/\"]}]},{\"@type\":\"ImageObject\",\"inLanguage\":\"es\",\"@id\":\"https:\/\/www.uruservice.com\/cr\/trabajo-de-limpieza-en-san-isidro-de-el-general\/#primaryimage\",\"url\":\"https:\/\/www.uruservice.com\/cr\/wp-content\/uploads\/sites\/49\/2025\/08\/oferta-limpieza.jpg\",\"contentUrl\":\"https:\/\/www.uruservice.com\/cr\/wp-content\/uploads\/sites\/49\/2025\/08\/oferta-limpieza.jpg\",\"width\":1450,\"height\":686},{\"@type\":\"BreadcrumbList\",\"@id\":\"https:\/\/www.uruservice.com\/cr\/trabajo-de-limpieza-en-san-isidro-de-el-general\/#breadcrumb\",\"itemListElement\":[{\"@type\":\"ListItem\",\"position\":1,\"name\":\"Portada\",\"item\":\"https:\/\/www.uruservice.com\/cr\/\"},{\"@type\":\"ListItem\",\"position\":2,\"name\":\"Trabajo de limpieza en San Isidro de El General\"}]},{\"@type\":\"WebSite\",\"@id\":\"https:\/\/www.uruservice.com\/cr\/#website\",\"url\":\"https:\/\/www.uruservice.com\/cr\/\",\"name\":\"Costa Rica\",\"description\":\"\",\"publisher\":{\"@id\":\"https:\/\/www.uruservice.com\/cr\/#\/schema\/person\/31d96ea0e6c72ae23ec4f725e949fdab\"},\"potentialAction\":[{\"@type\":\"SearchAction\",\"target\":{\"@type\":\"EntryPoint\",\"urlTemplate\":\"https:\/\/www.uruservice.com\/cr\/?s={search_term_string}\"},\"query-input\":{\"@type\":\"PropertyValueSpecification\",\"valueRequired\":true,\"valueName\":\"search_term_string\"}}],\"inLanguage\":\"es\"},{\"@type\":[\"Person\",\"Organization\"],\"@id\":\"https:\/\/www.uruservice.com\/cr\/#\/schema\/person\/31d96ea0e6c72ae23ec4f725e949fdab\",\"name\":\"madindio\",\"image\":{\"@type\":\"ImageObject\",\"inLanguage\":\"es\",\"@id\":\"https:\/\/www.uruservice.com\/cr\/#\/schema\/person\/image\/\",\"url\":\"https:\/\/www.uruservice.com\/cr\/wp-content\/uploads\/sites\/49\/2025\/07\/UruService_LOGO.webp\",\"contentUrl\":\"https:\/\/www.uruservice.com\/cr\/wp-content\/uploads\/sites\/49\/2025\/07\/UruService_LOGO.webp\",\"width\":768,\"height\":203,\"caption\":\"madindio\"},\"logo\":{\"@id\":\"https:\/\/www.uruservice.com\/cr\/#\/schema\/person\/image\/\"},\"sameAs\":[\"https:\/\/www.uruservice.com\"],\"url\":\"https:\/\/www.uruservice.com\/cr\/author\/madindio\/\"}]}<\/script>\n<!-- \/ Yoast SEO plugin. -->","yoast_head_json":{"title":"Empleo en limpieza en San Isidro de El General | Env\u00ede su curr\u00edculum","description":"Esta p\u00e1gina permite enviar curr\u00edculums para ser analizados y considerados en procesos de selecci\u00f3n cuando surjan vacantes en el \u00e1rea de limpieza","robots":{"index":"index","follow":"follow","max-snippet":"max-snippet:-1","max-image-preview":"max-image-preview:large","max-video-preview":"max-video-preview:-1"},"canonical":"https:\/\/www.uruservice.com\/cr\/trabajo-de-limpieza-en-san-isidro-de-el-general\/","og_locale":"es_ES","og_type":"article","og_title":"Empleo en limpieza en San Isidro de El General | Env\u00ede su curr\u00edculum","og_description":"Esta p\u00e1gina permite enviar curr\u00edculums para ser analizados y considerados en procesos de selecci\u00f3n cuando surjan vacantes en el \u00e1rea de limpieza","og_url":"https:\/\/www.uruservice.com\/cr\/trabajo-de-limpieza-en-san-isidro-de-el-general\/","og_site_name":"Costa Rica","article_published_time":"2025-08-05T16:25:00+00:00","og_image":[{"width":1450,"height":686,"url":"https:\/\/www.uruservice.com\/cr\/wp-content\/uploads\/sites\/49\/2025\/08\/oferta-limpieza.jpg","type":"image\/jpeg"}],"author":"madindio","twitter_card":"summary_large_image","twitter_misc":{"Escrito por":"madindio","Tiempo de lectura":"5 minutos"},"schema":{"@context":"https:\/\/schema.org","@graph":[{"@type":"Article","@id":"https:\/\/www.uruservice.com\/cr\/trabajo-de-limpieza-en-san-isidro-de-el-general\/#article","isPartOf":{"@id":"https:\/\/www.uruservice.com\/cr\/trabajo-de-limpieza-en-san-isidro-de-el-general\/"},"author":{"name":"madindio","@id":"https:\/\/www.uruservice.com\/cr\/#\/schema\/person\/31d96ea0e6c72ae23ec4f725e949fdab"},"headline":"Trabajo de limpieza en San Isidro de El General","datePublished":"2025-08-05T16:25:00+00:00","mainEntityOfPage":{"@id":"https:\/\/www.uruservice.com\/cr\/trabajo-de-limpieza-en-san-isidro-de-el-general\/"},"wordCount":1005,"commentCount":0,"publisher":{"@id":"https:\/\/www.uruservice.com\/cr\/#\/schema\/person\/31d96ea0e6c72ae23ec4f725e949fdab"},"image":{"@id":"https:\/\/www.uruservice.com\/cr\/trabajo-de-limpieza-en-san-isidro-de-el-general\/#primaryimage"},"thumbnailUrl":"https:\/\/www.uruservice.com\/cr\/wp-content\/uploads\/sites\/49\/2025\/08\/oferta-limpieza.jpg","articleSection":["Empleo"],"inLanguage":"es","potentialAction":[{"@type":"CommentAction","name":"Comment","target":["https:\/\/www.uruservice.com\/cr\/trabajo-de-limpieza-en-san-isidro-de-el-general\/#respond"]}]},{"@type":"WebPage","@id":"https:\/\/www.uruservice.com\/cr\/trabajo-de-limpieza-en-san-isidro-de-el-general\/","url":"https:\/\/www.uruservice.com\/cr\/trabajo-de-limpieza-en-san-isidro-de-el-general\/","name":"Empleo en limpieza en San Isidro de El General | Env\u00ede su curr\u00edculum","isPartOf":{"@id":"https:\/\/www.uruservice.com\/cr\/#website"},"primaryImageOfPage":{"@id":"https:\/\/www.uruservice.com\/cr\/trabajo-de-limpieza-en-san-isidro-de-el-general\/#primaryimage"},"image":{"@id":"https:\/\/www.uruservice.com\/cr\/trabajo-de-limpieza-en-san-isidro-de-el-general\/#primaryimage"},"thumbnailUrl":"https:\/\/www.uruservice.com\/cr\/wp-content\/uploads\/sites\/49\/2025\/08\/oferta-limpieza.jpg","datePublished":"2025-08-05T16:25:00+00:00","description":"Esta p\u00e1gina permite enviar curr\u00edculums para ser analizados y considerados en procesos de selecci\u00f3n cuando surjan vacantes en el \u00e1rea de limpieza","breadcrumb":{"@id":"https:\/\/www.uruservice.com\/cr\/trabajo-de-limpieza-en-san-isidro-de-el-general\/#breadcrumb"},"inLanguage":"es","potentialAction":[{"@type":"ReadAction","target":["https:\/\/www.uruservice.com\/cr\/trabajo-de-limpieza-en-san-isidro-de-el-general\/"]}]},{"@type":"ImageObject","inLanguage":"es","@id":"https:\/\/www.uruservice.com\/cr\/trabajo-de-limpieza-en-san-isidro-de-el-general\/#primaryimage","url":"https:\/\/www.uruservice.com\/cr\/wp-content\/uploads\/sites\/49\/2025\/08\/oferta-limpieza.jpg","contentUrl":"https:\/\/www.uruservice.com\/cr\/wp-content\/uploads\/sites\/49\/2025\/08\/oferta-limpieza.jpg","width":1450,"height":686},{"@type":"BreadcrumbList","@id":"https:\/\/www.uruservice.com\/cr\/trabajo-de-limpieza-en-san-isidro-de-el-general\/#breadcrumb","itemListElement":[{"@type":"ListItem","position":1,"name":"Portada","item":"https:\/\/www.uruservice.com\/cr\/"},{"@type":"ListItem","position":2,"name":"Trabajo de limpieza en San Isidro de El General"}]},{"@type":"WebSite","@id":"https:\/\/www.uruservice.com\/cr\/#website","url":"https:\/\/www.uruservice.com\/cr\/","name":"Costa Rica","description":"","publisher":{"@id":"https:\/\/www.uruservice.com\/cr\/#\/schema\/person\/31d96ea0e6c72ae23ec4f725e949fdab"},"potentialAction":[{"@type":"SearchAction","target":{"@type":"EntryPoint","urlTemplate":"https:\/\/www.uruservice.com\/cr\/?s={search_term_string}"},"query-input":{"@type":"PropertyValueSpecification","valueRequired":true,"valueName":"search_term_string"}}],"inLanguage":"es"},{"@type":["Person","Organization"],"@id":"https:\/\/www.uruservice.com\/cr\/#\/schema\/person\/31d96ea0e6c72ae23ec4f725e949fdab","name":"madindio","image":{"@type":"ImageObject","inLanguage":"es","@id":"https:\/\/www.uruservice.com\/cr\/#\/schema\/person\/image\/","url":"https:\/\/www.uruservice.com\/cr\/wp-content\/uploads\/sites\/49\/2025\/07\/UruService_LOGO.webp","contentUrl":"https:\/\/www.uruservice.com\/cr\/wp-content\/uploads\/sites\/49\/2025\/07\/UruService_LOGO.webp","width":768,"height":203,"caption":"madindio"},"logo":{"@id":"https:\/\/www.uruservice.com\/cr\/#\/schema\/person\/image\/"},"sameAs":["https:\/\/www.uruservice.com"],"url":"https:\/\/www.uruservice.com\/cr\/author\/madindio\/"}]}},"_links":{"self":[{"href":"https:\/\/www.uruservice.com\/cr\/wp-json\/wp\/v2\/posts\/648","targetHints":{"allow":["GET"]}}],"collection":[{"href":"https:\/\/www.uruservice.com\/cr\/wp-json\/wp\/v2\/posts"}],"about":[{"href":"https:\/\/www.uruservice.com\/cr\/wp-json\/wp\/v2\/types\/post"}],"author":[{"embeddable":true,"href":"https:\/\/www.uruservice.com\/cr\/wp-json\/wp\/v2\/users\/1"}],"replies":[{"embeddable":true,"href":"https:\/\/www.uruservice.com\/cr\/wp-json\/wp\/v2\/comments?post=648"}],"version-history":[{"count":1,"href":"https:\/\/www.uruservice.com\/cr\/wp-json\/wp\/v2\/posts\/648\/revisions"}],"predecessor-version":[{"id":724,"href":"https:\/\/www.uruservice.com\/cr\/wp-json\/wp\/v2\/posts\/648\/revisions\/724"}],"wp:featuredmedia":[{"embeddable":true,"href":"https:\/\/www.uruservice.com\/cr\/wp-json\/wp\/v2\/media\/642"}],"wp:attachment":[{"href":"https:\/\/www.uruservice.com\/cr\/wp-json\/wp\/v2\/media?parent=648"}],"wp:term":[{"taxonomy":"category","embeddable":true,"href":"https:\/\/www.uruservice.com\/cr\/wp-json\/wp\/v2\/categories?post=648"},{"taxonomy":"post_tag","embeddable":true,"href":"https:\/\/www.uruservice.com\/cr\/wp-json\/wp\/v2\/tags?post=648"}],"curies":[{"name":"wp","href":"https:\/\/api.w.org\/{rel}","templated":true}]}}