{"id":696,"date":"2025-08-18T12:11:00","date_gmt":"2025-08-18T10:11:00","guid":{"rendered":"https:\/\/www.uruservice.com\/cr\/?p=696"},"modified":"2025-08-18T12:11:00","modified_gmt":"2025-08-18T10:11:00","slug":"trabajo-de-limpieza-en-matina","status":"publish","type":"post","link":"https:\/\/www.uruservice.com\/cr\/trabajo-de-limpieza-en-matina\/","title":{"rendered":"Trabajo de limpieza en Matina"},"content":{"rendered":"<p><html><body><\/p>\n<p>Si est\u00e1 interesado en incorporarse al sector de la limpieza, le invitamos a enviar su postulaci\u00f3n en cualquier momento del a\u00f1o. Actualmente no contamos con vacantes abiertas, pero conservamos todos los curr\u00edculos para analizarlos cuidadosamente cuando surjan procesos de selecci\u00f3n. Buscamos personas responsables, con disponibilidad horaria, actitud positiva y experiencia en limpieza de hogares, oficinas, edificios o \u00e1reas comunes. Su perfil es fundamental para brindar servicios de calidad y mantener espacios en \u00f3ptimas condiciones, por lo que valoramos su inter\u00e9s y compromiso en esta \u00e1rea.<\/p>\n<h2><span class=\"ez-toc-section\" id=\"Encuentre_vacantes_de_limpieza_con_horarios_flexibles_en_Matina\"><\/span>Encuentre vacantes de limpieza con horarios flexibles en Matina<span class=\"ez-toc-section-end\"><\/span><\/h2>\n<p>Si usted est\u00e1 buscando puestos de limpieza en Matina que se adapten a su disponibilidad, nuestra empresa le ofrece oportunidades con horarios flexibles que facilitan la conciliaci\u00f3n entre su vida personal y laboral. Contamos con vacantes para personal en labores de aseo, ideales para quienes desean integrarse a un equipo serio y comprometido con la calidad y el buen ambiente de trabajo.<\/p>\n<p>Al formar parte de nuestro equipo, usted podr\u00e1 contar con estabilidad laboral y un entorno cordial, donde se valoran la responsabilidad y el esfuerzo. Invitamos a quienes est\u00e9n interesados en empleos en tareas de limpieza a enviar su curr\u00edculum, ya que buscamos candidatos que aporten dedicaci\u00f3n y profesionalismo para cubrir diferentes puestos disponibles en la regi\u00f3n.<\/p>\n<h2><span class=\"ez-toc-section\" id=\"%C2%BFBusca_un_empleo_estable_en_limpieza_Asi_debe_ser_su_perfil\"><\/span>\u00bfBusca un empleo estable en limpieza? As\u00ed debe ser su perfil<span class=\"ez-toc-section-end\"><\/span><\/h2>\n<p>Valoramos perfiles con experiencia que demuestren responsabilidad y atenci\u00f3n al detalle, cualidades esenciales para mantener altos est\u00e1ndares en limpieza en Matina. Buscamos aspirantes comprometidos que trabajen con dedicaci\u00f3n y respeto, pues creemos que profesionales de la limpieza as\u00ed integrados contribuyen al bienestar y orden en cada espacio. Si usted se identifica con estos valores, encontrar\u00e1 en nuestro equipo un entorno donde su esfuerzo es reconocido y valorado.<\/p>\n<h3><span class=\"ez-toc-section\" id=\"Perfil_ideal\"><\/span><strong>Perfil ideal:<\/strong><span class=\"ez-toc-section-end\"><\/span><\/h3>\n<ul>\n<li>Experiencia previa en labores de limpieza (casas, oficinas o edificios)<\/li>\n<li>Compromiso y actitud responsable en el trabajo<\/li>\n<li>Disponibilidad de horario en turnos de ma\u00f1ana o tarde<\/li>\n<li>Puntualidad y sentido de la responsabilidad<\/li>\n<li>Capacidad para seguir instrucciones y trabajar en equipo<\/li>\n<\/ul>\n<div style=\"text-align:center;\"> <a class=\"boton-postulacion\" href=\"\/cr\/trabaja-con-nosotros\">Deseo postularme<\/a> <\/div>\n<h2><span class=\"ez-toc-section\" id=\"%C2%BFCumple_usted_con_los_requisitos_para_integrarse_a_nuestro_equipo_de_limpieza\"><\/span>\u00bfCumple usted con los requisitos para integrarse a nuestro equipo de limpieza?<span class=\"ez-toc-section-end\"><\/span><\/h2>\n<p>Para integrarse con nosotros, tomamos en cuenta que los aspirantes responsables cuenten con experiencia previa valorada en labores de limpieza, as\u00ed como con disponibilidad de horario acorde a las necesidades del servicio en Matina. Adem\u00e1s, es fundamental que usted tenga residencia en la zona para facilitar la coordinaci\u00f3n y cumplimiento de las tareas asignadas. De esta manera, aseguramos que cada integrante de nuestro equipo contribuya eficientemente al mantenimiento de espacios en \u00f3ptimas condiciones.<\/p>\n<h3><span class=\"ez-toc-section\" id=\"Requisitos_minimos\"><\/span><strong>Requisitos m\u00ednimos:<\/strong><span class=\"ez-toc-section-end\"><\/span><\/h3>\n<ul>\n<li>Ser mayor de 18 a\u00f1os<\/li>\n<li>Contar con permiso de trabajo vigente (cuando corresponda)<\/li>\n<li>Experiencia previa en labores similares (deseable)<\/li>\n<li>Disponibilidad de horario flexible<\/li>\n<li>Residir en Matina o en zonas cercanas<\/li>\n<\/ul>\n<h2><span class=\"ez-toc-section\" id=\"%C2%BFPor_que_es_una_buena_oportunidad_trabajar_como_personal_de_limpieza_en_Matina\"><\/span>\u00bfPor qu\u00e9 es una buena oportunidad trabajar como personal de limpieza en Matina?<span class=\"ez-toc-section-end\"><\/span><\/h2>\n<p>Al integrarse a nuestro equipo en Matina, usted acceder\u00e1 a puestos estables que garantizan un ambiente laboral respetuoso y colaborativo. Lo que habitualmente ofrecemos incluye turnos adaptados a sus necesidades, beneficios laborales competitivos y capacitaci\u00f3n continua para fortalecer sus habilidades. As\u00ed, podr\u00e1 desarrollarse profesionalmente dentro de un equipo comprometido con la calidad y el bienestar de sus colaboradores.<\/p>\n<ul>\n<li>Ambiente laboral cordial y trato respetuoso<\/li>\n<li>Jornadas definidas seg\u00fan el perfil<\/li>\n<li>Capacitaci\u00f3n inicial incluida<\/li>\n<li>Posibilidad de continuidad en el puesto<\/li>\n<\/ul>\n<div style=\"text-align:center;\"> <a class=\"boton-postulacion\" href=\"\/cr\/trabaja-con-nosotros\">Enviar mi solicitud<\/a> <\/div>\n<h2><span class=\"ez-toc-section\" id=\"%C2%BFDesea_integrarse_a_nuestro_equipo_Envienos_su_curriculum\"><\/span>\u00bfDesea integrarse a nuestro equipo? Env\u00edenos su curr\u00edculum<span class=\"ez-toc-section-end\"><\/span><\/h2>\n<p>Para postularse, complete el <strong>formulario de empleo<\/strong> y registre sus datos en l\u00ednea a trav\u00e9s de nuestro sitio web. Revisamos peri\u00f3dicamente los env\u00edos de curr\u00edculum para considerar a quienes demuestran inter\u00e9s y experiencia. Tenga en cuenta que el env\u00edo de su informaci\u00f3n no garantiza una oferta laboral inmediata, pero ser\u00e1 tomado en cuenta para futuras vacantes.<\/p>\n<div style=\"text-align:center;\"> <a class=\"boton-postulacion\" href=\"\/cr\/trabaja-con-nosotros\">Postularme a esta vacante<\/a> <\/div>\n<h2><span class=\"ez-toc-section\" id=\"%C2%BFEs_esta_una_convocatoria_directa_Aqui_se_lo_indicamos\"><\/span>\u00bfEs esta una convocatoria directa? Aqu\u00ed se lo indicamos<span class=\"ez-toc-section-end\"><\/span><\/h2>\n<p>Es importante destacar que esta convocatoria no corresponde a una oferta laboral vigente, sino a un espacio abierto para recibir candidaturas de manera anticipada. Enviar su curr\u00edculum a trav\u00e9s de este medio no implica un contacto inmediato ni garantiza su inclusi\u00f3n en futuros procesos de selecci\u00f3n. Agradecemos su inter\u00e9s y le invitamos a mantenerse atento a nuestras publicaciones para oportunidades activas en el \u00e1rea de limpieza en Matina.<\/p>\n<h2><span class=\"ez-toc-section\" id=\"Preguntas_y_respuestas_comunes\"><\/span>Preguntas y respuestas comunes<span class=\"ez-toc-section-end\"><\/span><\/h2>\n<ul>\n<li><strong>\u00bfQu\u00e9 tipos de limpieza ofrecen en Matina para oficinas, casas, edificios y centros p\u00fablicos?<\/strong>       En Matina ofrecemos servicios de limpieza integral adaptados a cada tipo de espacio, incluyendo oficinas, casas particulares, edificios residenciales y centros p\u00fablicos. Nuestro equipo est\u00e1 capacitado para realizar limpieza general, desinfecci\u00f3n, mantenimiento y limpiezas especializadas seg\u00fan las necesidades de cada cliente.<\/li>\n<li><strong>\u00bfCu\u00e1les son los horarios disponibles para la limpieza y son flexibles?<\/strong>       S\u00ed, en Matina contamos con horarios flexibles que se adaptan a la disponibilidad de nuestros clientes. Ofrecemos servicios de limpieza en turnos diurnos, vespertinos y nocturnos para garantizar que el trabajo se realice sin interferir con las actividades normales de oficinas, hogares o centros p\u00fablicos.<\/li>\n<li><strong>\u00bfCuentan con turnos rotativos para el personal de limpieza?<\/strong>       S\u00ed, nuestro equipo trabaja bajo un sistema de turnos rotativos que permite cubrir diferentes franjas horarias y d\u00edas de la semana. Esto nos ayuda a brindar un servicio continuo y de calidad, adem\u00e1s de facilitar la organizaci\u00f3n interna para atender emergencias o solicitudes especiales.<\/li>\n<li><strong>\u00bfC\u00f3mo garantiza Matina la compatibilidad del servicio de limpieza con la vida familiar de sus empleados?<\/strong>       En Matina valoramos el bienestar de nuestros empleados, por lo que promovemos horarios de trabajo que respetan la vida familiar. Gracias a la flexibilidad y los turnos rotativos, nuestro personal puede equilibrar sus responsabilidades laborales con sus compromisos personales y familiares.<\/li>\n<li><strong>\u00bfPuedo programar servicios de limpieza peri\u00f3dicos o espor\u00e1dicos seg\u00fan mi necesidad?<\/strong>       Claro, en Matina ofrecemos la posibilidad<\/li>\n<\/ul>\n<p><\/body><\/html><\/p>\n<div id=\"ez-toc-container\" class=\"ez-toc-v2_0_81 counter-hierarchy ez-toc-counter ez-toc-grey ez-toc-container-direction\">\n<div class=\"ez-toc-title-container\">\n<p class=\"ez-toc-title\" style=\"cursor:inherit\">\u00cdndice<\/p>\n<span class=\"ez-toc-title-toggle\"><a href=\"#\" class=\"ez-toc-pull-right ez-toc-btn ez-toc-btn-xs ez-toc-btn-default ez-toc-toggle\" aria-label=\"Alternar tabla de contenidos\"><span class=\"ez-toc-js-icon-con\"><span class=\"\"><span class=\"eztoc-hide\" style=\"display:none;\">Toggle<\/span><span class=\"ez-toc-icon-toggle-span\"><svg style=\"fill: #999;color:#999\" xmlns=\"http:\/\/www.w3.org\/2000\/svg\" class=\"list-377408\" width=\"20px\" height=\"20px\" viewBox=\"0 0 24 24\" fill=\"none\"><path d=\"M6 6H4v2h2V6zm14 0H8v2h12V6zM4 11h2v2H4v-2zm16 0H8v2h12v-2zM4 16h2v2H4v-2zm16 0H8v2h12v-2z\" fill=\"currentColor\"><\/path><\/svg><svg style=\"fill: #999;color:#999\" class=\"arrow-unsorted-368013\" xmlns=\"http:\/\/www.w3.org\/2000\/svg\" width=\"10px\" height=\"10px\" viewBox=\"0 0 24 24\" version=\"1.2\" baseProfile=\"tiny\"><path d=\"M18.2 9.3l-6.2-6.3-6.2 6.3c-.2.2-.3.4-.3.7s.1.5.3.7c.2.2.4.3.7.3h11c.3 0 .5-.1.7-.3.2-.2.3-.5.3-.7s-.1-.5-.3-.7zM5.8 14.7l6.2 6.3 6.2-6.3c.2-.2.3-.5.3-.7s-.1-.5-.3-.7c-.2-.2-.4-.3-.7-.3h-11c-.3 0-.5.1-.7.3-.2.2-.3.5-.3.7s.1.5.3.7z\"\/><\/svg><\/span><\/span><\/span><\/a><\/span><\/div>\n<nav><ul class='ez-toc-list ez-toc-list-level-1 eztoc-toggle-hide-by-default' ><li class='ez-toc-page-1 ez-toc-heading-level-2'><a class=\"ez-toc-link ez-toc-heading-1\" href=\"https:\/\/www.uruservice.com\/cr\/trabajo-de-limpieza-en-matina\/#Encuentre_vacantes_de_limpieza_con_horarios_flexibles_en_Matina\" >Encuentre vacantes de limpieza con horarios flexibles en Matina<\/a><\/li><li class='ez-toc-page-1 ez-toc-heading-level-2'><a class=\"ez-toc-link ez-toc-heading-2\" href=\"https:\/\/www.uruservice.com\/cr\/trabajo-de-limpieza-en-matina\/#%C2%BFBusca_un_empleo_estable_en_limpieza_Asi_debe_ser_su_perfil\" >\u00bfBusca un empleo estable en limpieza? As\u00ed debe ser su perfil<\/a><ul class='ez-toc-list-level-3' ><li class='ez-toc-heading-level-3'><a class=\"ez-toc-link ez-toc-heading-3\" href=\"https:\/\/www.uruservice.com\/cr\/trabajo-de-limpieza-en-matina\/#Perfil_ideal\" >Perfil ideal:<\/a><\/li><\/ul><\/li><li class='ez-toc-page-1 ez-toc-heading-level-2'><a class=\"ez-toc-link ez-toc-heading-4\" href=\"https:\/\/www.uruservice.com\/cr\/trabajo-de-limpieza-en-matina\/#%C2%BFCumple_usted_con_los_requisitos_para_integrarse_a_nuestro_equipo_de_limpieza\" >\u00bfCumple usted con los requisitos para integrarse a nuestro equipo de limpieza?<\/a><ul class='ez-toc-list-level-3' ><li class='ez-toc-heading-level-3'><a class=\"ez-toc-link ez-toc-heading-5\" href=\"https:\/\/www.uruservice.com\/cr\/trabajo-de-limpieza-en-matina\/#Requisitos_minimos\" >Requisitos m\u00ednimos:<\/a><\/li><\/ul><\/li><li class='ez-toc-page-1 ez-toc-heading-level-2'><a class=\"ez-toc-link ez-toc-heading-6\" href=\"https:\/\/www.uruservice.com\/cr\/trabajo-de-limpieza-en-matina\/#%C2%BFPor_que_es_una_buena_oportunidad_trabajar_como_personal_de_limpieza_en_Matina\" >\u00bfPor qu\u00e9 es una buena oportunidad trabajar como personal de limpieza en Matina?<\/a><\/li><li class='ez-toc-page-1 ez-toc-heading-level-2'><a class=\"ez-toc-link ez-toc-heading-7\" href=\"https:\/\/www.uruservice.com\/cr\/trabajo-de-limpieza-en-matina\/#%C2%BFDesea_integrarse_a_nuestro_equipo_Envienos_su_curriculum\" >\u00bfDesea integrarse a nuestro equipo? Env\u00edenos su curr\u00edculum<\/a><\/li><li class='ez-toc-page-1 ez-toc-heading-level-2'><a class=\"ez-toc-link ez-toc-heading-8\" href=\"https:\/\/www.uruservice.com\/cr\/trabajo-de-limpieza-en-matina\/#%C2%BFEs_esta_una_convocatoria_directa_Aqui_se_lo_indicamos\" >\u00bfEs esta una convocatoria directa? Aqu\u00ed se lo indicamos<\/a><\/li><li class='ez-toc-page-1 ez-toc-heading-level-2'><a class=\"ez-toc-link ez-toc-heading-9\" href=\"https:\/\/www.uruservice.com\/cr\/trabajo-de-limpieza-en-matina\/#Preguntas_y_respuestas_comunes\" >Preguntas y respuestas comunes<\/a><\/li><\/ul><\/nav><\/div>\n","protected":false},"excerpt":{"rendered":"<p>Si est\u00e1 interesado en incorporarse al sector de la limpieza, le invitamos a enviar su postulaci\u00f3n en cualquier momento del a\u00f1o. Actualmente no contamos con vacantes abiertas, pero conservamos todos los curr\u00edculos para analizarlos cuidadosamente cuando surjan procesos de selecci\u00f3n. Buscamos personas responsables, con disponibilidad horaria, actitud positiva y experiencia en limpieza de hogares, oficinas, [&hellip;]<\/p>\n","protected":false},"author":1,"featured_media":642,"comment_status":"open","ping_status":"open","sticky":false,"template":"","format":"standard","meta":{"footnotes":""},"categories":[5],"tags":[],"class_list":["post-696","post","type-post","status-publish","format-standard","has-post-thumbnail","hentry","category-empleo"],"blocksy_meta":[],"yoast_head":"<!-- This site is optimized with the Yoast SEO plugin v27.1.1 - https:\/\/yoast.com\/product\/yoast-seo-wordpress\/ -->\n<title>Empleo en limpieza en Matina | Env\u00ede su hoja de vida<\/title>\n<meta name=\"description\" content=\"Esta p\u00e1gina permite enviar curr\u00edculums para ser analizados con atenci\u00f3n en caso de que surjan vacantes relacionadas con limpieza\" \/>\n<meta name=\"robots\" content=\"index, follow, max-snippet:-1, max-image-preview:large, max-video-preview:-1\" \/>\n<link rel=\"canonical\" href=\"https:\/\/www.uruservice.com\/cr\/trabajo-de-limpieza-en-matina\/\" \/>\n<meta property=\"og:locale\" content=\"es_ES\" \/>\n<meta property=\"og:type\" content=\"article\" \/>\n<meta property=\"og:title\" content=\"Empleo en limpieza en Matina | Env\u00ede su hoja de vida\" \/>\n<meta property=\"og:description\" content=\"Esta p\u00e1gina permite enviar curr\u00edculums para ser analizados con atenci\u00f3n en caso de que surjan vacantes relacionadas con limpieza\" \/>\n<meta property=\"og:url\" content=\"https:\/\/www.uruservice.com\/cr\/trabajo-de-limpieza-en-matina\/\" \/>\n<meta property=\"og:site_name\" content=\"Costa Rica\" \/>\n<meta property=\"article:published_time\" content=\"2025-08-18T10:11:00+00:00\" \/>\n<meta property=\"og:image\" content=\"https:\/\/www.uruservice.com\/cr\/wp-content\/uploads\/sites\/49\/2025\/08\/oferta-limpieza.jpg\" \/>\n\t<meta property=\"og:image:width\" content=\"1450\" \/>\n\t<meta property=\"og:image:height\" content=\"686\" \/>\n\t<meta property=\"og:image:type\" content=\"image\/jpeg\" \/>\n<meta name=\"author\" content=\"madindio\" \/>\n<meta name=\"twitter:card\" content=\"summary_large_image\" \/>\n<meta name=\"twitter:label1\" content=\"Escrito por\" \/>\n\t<meta name=\"twitter:data1\" content=\"madindio\" \/>\n\t<meta name=\"twitter:label2\" content=\"Tiempo de lectura\" \/>\n\t<meta name=\"twitter:data2\" content=\"5 minutos\" \/>\n<script type=\"application\/ld+json\" class=\"yoast-schema-graph\">{\"@context\":\"https:\/\/schema.org\",\"@graph\":[{\"@type\":\"Article\",\"@id\":\"https:\/\/www.uruservice.com\/cr\/trabajo-de-limpieza-en-matina\/#article\",\"isPartOf\":{\"@id\":\"https:\/\/www.uruservice.com\/cr\/trabajo-de-limpieza-en-matina\/\"},\"author\":{\"name\":\"madindio\",\"@id\":\"https:\/\/www.uruservice.com\/cr\/#\/schema\/person\/31d96ea0e6c72ae23ec4f725e949fdab\"},\"headline\":\"Trabajo de limpieza en Matina\",\"datePublished\":\"2025-08-18T10:11:00+00:00\",\"mainEntityOfPage\":{\"@id\":\"https:\/\/www.uruservice.com\/cr\/trabajo-de-limpieza-en-matina\/\"},\"wordCount\":985,\"commentCount\":0,\"publisher\":{\"@id\":\"https:\/\/www.uruservice.com\/cr\/#\/schema\/person\/31d96ea0e6c72ae23ec4f725e949fdab\"},\"image\":{\"@id\":\"https:\/\/www.uruservice.com\/cr\/trabajo-de-limpieza-en-matina\/#primaryimage\"},\"thumbnailUrl\":\"https:\/\/www.uruservice.com\/cr\/wp-content\/uploads\/sites\/49\/2025\/08\/oferta-limpieza.jpg\",\"articleSection\":[\"Empleo\"],\"inLanguage\":\"es\",\"potentialAction\":[{\"@type\":\"CommentAction\",\"name\":\"Comment\",\"target\":[\"https:\/\/www.uruservice.com\/cr\/trabajo-de-limpieza-en-matina\/#respond\"]}]},{\"@type\":\"WebPage\",\"@id\":\"https:\/\/www.uruservice.com\/cr\/trabajo-de-limpieza-en-matina\/\",\"url\":\"https:\/\/www.uruservice.com\/cr\/trabajo-de-limpieza-en-matina\/\",\"name\":\"Empleo en limpieza en Matina | Env\u00ede su hoja de vida\",\"isPartOf\":{\"@id\":\"https:\/\/www.uruservice.com\/cr\/#website\"},\"primaryImageOfPage\":{\"@id\":\"https:\/\/www.uruservice.com\/cr\/trabajo-de-limpieza-en-matina\/#primaryimage\"},\"image\":{\"@id\":\"https:\/\/www.uruservice.com\/cr\/trabajo-de-limpieza-en-matina\/#primaryimage\"},\"thumbnailUrl\":\"https:\/\/www.uruservice.com\/cr\/wp-content\/uploads\/sites\/49\/2025\/08\/oferta-limpieza.jpg\",\"datePublished\":\"2025-08-18T10:11:00+00:00\",\"description\":\"Esta p\u00e1gina permite enviar curr\u00edculums para ser analizados con atenci\u00f3n en caso de que surjan vacantes relacionadas con limpieza\",\"breadcrumb\":{\"@id\":\"https:\/\/www.uruservice.com\/cr\/trabajo-de-limpieza-en-matina\/#breadcrumb\"},\"inLanguage\":\"es\",\"potentialAction\":[{\"@type\":\"ReadAction\",\"target\":[\"https:\/\/www.uruservice.com\/cr\/trabajo-de-limpieza-en-matina\/\"]}]},{\"@type\":\"ImageObject\",\"inLanguage\":\"es\",\"@id\":\"https:\/\/www.uruservice.com\/cr\/trabajo-de-limpieza-en-matina\/#primaryimage\",\"url\":\"https:\/\/www.uruservice.com\/cr\/wp-content\/uploads\/sites\/49\/2025\/08\/oferta-limpieza.jpg\",\"contentUrl\":\"https:\/\/www.uruservice.com\/cr\/wp-content\/uploads\/sites\/49\/2025\/08\/oferta-limpieza.jpg\",\"width\":1450,\"height\":686},{\"@type\":\"BreadcrumbList\",\"@id\":\"https:\/\/www.uruservice.com\/cr\/trabajo-de-limpieza-en-matina\/#breadcrumb\",\"itemListElement\":[{\"@type\":\"ListItem\",\"position\":1,\"name\":\"Portada\",\"item\":\"https:\/\/www.uruservice.com\/cr\/\"},{\"@type\":\"ListItem\",\"position\":2,\"name\":\"Trabajo de limpieza en Matina\"}]},{\"@type\":\"WebSite\",\"@id\":\"https:\/\/www.uruservice.com\/cr\/#website\",\"url\":\"https:\/\/www.uruservice.com\/cr\/\",\"name\":\"Costa Rica\",\"description\":\"\",\"publisher\":{\"@id\":\"https:\/\/www.uruservice.com\/cr\/#\/schema\/person\/31d96ea0e6c72ae23ec4f725e949fdab\"},\"potentialAction\":[{\"@type\":\"SearchAction\",\"target\":{\"@type\":\"EntryPoint\",\"urlTemplate\":\"https:\/\/www.uruservice.com\/cr\/?s={search_term_string}\"},\"query-input\":{\"@type\":\"PropertyValueSpecification\",\"valueRequired\":true,\"valueName\":\"search_term_string\"}}],\"inLanguage\":\"es\"},{\"@type\":[\"Person\",\"Organization\"],\"@id\":\"https:\/\/www.uruservice.com\/cr\/#\/schema\/person\/31d96ea0e6c72ae23ec4f725e949fdab\",\"name\":\"madindio\",\"image\":{\"@type\":\"ImageObject\",\"inLanguage\":\"es\",\"@id\":\"https:\/\/www.uruservice.com\/cr\/#\/schema\/person\/image\/\",\"url\":\"https:\/\/www.uruservice.com\/cr\/wp-content\/uploads\/sites\/49\/2025\/07\/UruService_LOGO.webp\",\"contentUrl\":\"https:\/\/www.uruservice.com\/cr\/wp-content\/uploads\/sites\/49\/2025\/07\/UruService_LOGO.webp\",\"width\":768,\"height\":203,\"caption\":\"madindio\"},\"logo\":{\"@id\":\"https:\/\/www.uruservice.com\/cr\/#\/schema\/person\/image\/\"},\"sameAs\":[\"https:\/\/www.uruservice.com\"],\"url\":\"https:\/\/www.uruservice.com\/cr\/author\/madindio\/\"}]}<\/script>\n<!-- \/ Yoast SEO plugin. -->","yoast_head_json":{"title":"Empleo en limpieza en Matina | Env\u00ede su hoja de vida","description":"Esta p\u00e1gina permite enviar curr\u00edculums para ser analizados con atenci\u00f3n en caso de que surjan vacantes relacionadas con limpieza","robots":{"index":"index","follow":"follow","max-snippet":"max-snippet:-1","max-image-preview":"max-image-preview:large","max-video-preview":"max-video-preview:-1"},"canonical":"https:\/\/www.uruservice.com\/cr\/trabajo-de-limpieza-en-matina\/","og_locale":"es_ES","og_type":"article","og_title":"Empleo en limpieza en Matina | Env\u00ede su hoja de vida","og_description":"Esta p\u00e1gina permite enviar curr\u00edculums para ser analizados con atenci\u00f3n en caso de que surjan vacantes relacionadas con limpieza","og_url":"https:\/\/www.uruservice.com\/cr\/trabajo-de-limpieza-en-matina\/","og_site_name":"Costa Rica","article_published_time":"2025-08-18T10:11:00+00:00","og_image":[{"width":1450,"height":686,"url":"https:\/\/www.uruservice.com\/cr\/wp-content\/uploads\/sites\/49\/2025\/08\/oferta-limpieza.jpg","type":"image\/jpeg"}],"author":"madindio","twitter_card":"summary_large_image","twitter_misc":{"Escrito por":"madindio","Tiempo de lectura":"5 minutos"},"schema":{"@context":"https:\/\/schema.org","@graph":[{"@type":"Article","@id":"https:\/\/www.uruservice.com\/cr\/trabajo-de-limpieza-en-matina\/#article","isPartOf":{"@id":"https:\/\/www.uruservice.com\/cr\/trabajo-de-limpieza-en-matina\/"},"author":{"name":"madindio","@id":"https:\/\/www.uruservice.com\/cr\/#\/schema\/person\/31d96ea0e6c72ae23ec4f725e949fdab"},"headline":"Trabajo de limpieza en Matina","datePublished":"2025-08-18T10:11:00+00:00","mainEntityOfPage":{"@id":"https:\/\/www.uruservice.com\/cr\/trabajo-de-limpieza-en-matina\/"},"wordCount":985,"commentCount":0,"publisher":{"@id":"https:\/\/www.uruservice.com\/cr\/#\/schema\/person\/31d96ea0e6c72ae23ec4f725e949fdab"},"image":{"@id":"https:\/\/www.uruservice.com\/cr\/trabajo-de-limpieza-en-matina\/#primaryimage"},"thumbnailUrl":"https:\/\/www.uruservice.com\/cr\/wp-content\/uploads\/sites\/49\/2025\/08\/oferta-limpieza.jpg","articleSection":["Empleo"],"inLanguage":"es","potentialAction":[{"@type":"CommentAction","name":"Comment","target":["https:\/\/www.uruservice.com\/cr\/trabajo-de-limpieza-en-matina\/#respond"]}]},{"@type":"WebPage","@id":"https:\/\/www.uruservice.com\/cr\/trabajo-de-limpieza-en-matina\/","url":"https:\/\/www.uruservice.com\/cr\/trabajo-de-limpieza-en-matina\/","name":"Empleo en limpieza en Matina | Env\u00ede su hoja de vida","isPartOf":{"@id":"https:\/\/www.uruservice.com\/cr\/#website"},"primaryImageOfPage":{"@id":"https:\/\/www.uruservice.com\/cr\/trabajo-de-limpieza-en-matina\/#primaryimage"},"image":{"@id":"https:\/\/www.uruservice.com\/cr\/trabajo-de-limpieza-en-matina\/#primaryimage"},"thumbnailUrl":"https:\/\/www.uruservice.com\/cr\/wp-content\/uploads\/sites\/49\/2025\/08\/oferta-limpieza.jpg","datePublished":"2025-08-18T10:11:00+00:00","description":"Esta p\u00e1gina permite enviar curr\u00edculums para ser analizados con atenci\u00f3n en caso de que surjan vacantes relacionadas con limpieza","breadcrumb":{"@id":"https:\/\/www.uruservice.com\/cr\/trabajo-de-limpieza-en-matina\/#breadcrumb"},"inLanguage":"es","potentialAction":[{"@type":"ReadAction","target":["https:\/\/www.uruservice.com\/cr\/trabajo-de-limpieza-en-matina\/"]}]},{"@type":"ImageObject","inLanguage":"es","@id":"https:\/\/www.uruservice.com\/cr\/trabajo-de-limpieza-en-matina\/#primaryimage","url":"https:\/\/www.uruservice.com\/cr\/wp-content\/uploads\/sites\/49\/2025\/08\/oferta-limpieza.jpg","contentUrl":"https:\/\/www.uruservice.com\/cr\/wp-content\/uploads\/sites\/49\/2025\/08\/oferta-limpieza.jpg","width":1450,"height":686},{"@type":"BreadcrumbList","@id":"https:\/\/www.uruservice.com\/cr\/trabajo-de-limpieza-en-matina\/#breadcrumb","itemListElement":[{"@type":"ListItem","position":1,"name":"Portada","item":"https:\/\/www.uruservice.com\/cr\/"},{"@type":"ListItem","position":2,"name":"Trabajo de limpieza en Matina"}]},{"@type":"WebSite","@id":"https:\/\/www.uruservice.com\/cr\/#website","url":"https:\/\/www.uruservice.com\/cr\/","name":"Costa Rica","description":"","publisher":{"@id":"https:\/\/www.uruservice.com\/cr\/#\/schema\/person\/31d96ea0e6c72ae23ec4f725e949fdab"},"potentialAction":[{"@type":"SearchAction","target":{"@type":"EntryPoint","urlTemplate":"https:\/\/www.uruservice.com\/cr\/?s={search_term_string}"},"query-input":{"@type":"PropertyValueSpecification","valueRequired":true,"valueName":"search_term_string"}}],"inLanguage":"es"},{"@type":["Person","Organization"],"@id":"https:\/\/www.uruservice.com\/cr\/#\/schema\/person\/31d96ea0e6c72ae23ec4f725e949fdab","name":"madindio","image":{"@type":"ImageObject","inLanguage":"es","@id":"https:\/\/www.uruservice.com\/cr\/#\/schema\/person\/image\/","url":"https:\/\/www.uruservice.com\/cr\/wp-content\/uploads\/sites\/49\/2025\/07\/UruService_LOGO.webp","contentUrl":"https:\/\/www.uruservice.com\/cr\/wp-content\/uploads\/sites\/49\/2025\/07\/UruService_LOGO.webp","width":768,"height":203,"caption":"madindio"},"logo":{"@id":"https:\/\/www.uruservice.com\/cr\/#\/schema\/person\/image\/"},"sameAs":["https:\/\/www.uruservice.com"],"url":"https:\/\/www.uruservice.com\/cr\/author\/madindio\/"}]}},"_links":{"self":[{"href":"https:\/\/www.uruservice.com\/cr\/wp-json\/wp\/v2\/posts\/696","targetHints":{"allow":["GET"]}}],"collection":[{"href":"https:\/\/www.uruservice.com\/cr\/wp-json\/wp\/v2\/posts"}],"about":[{"href":"https:\/\/www.uruservice.com\/cr\/wp-json\/wp\/v2\/types\/post"}],"author":[{"embeddable":true,"href":"https:\/\/www.uruservice.com\/cr\/wp-json\/wp\/v2\/users\/1"}],"replies":[{"embeddable":true,"href":"https:\/\/www.uruservice.com\/cr\/wp-json\/wp\/v2\/comments?post=696"}],"version-history":[{"count":1,"href":"https:\/\/www.uruservice.com\/cr\/wp-json\/wp\/v2\/posts\/696\/revisions"}],"predecessor-version":[{"id":847,"href":"https:\/\/www.uruservice.com\/cr\/wp-json\/wp\/v2\/posts\/696\/revisions\/847"}],"wp:featuredmedia":[{"embeddable":true,"href":"https:\/\/www.uruservice.com\/cr\/wp-json\/wp\/v2\/media\/642"}],"wp:attachment":[{"href":"https:\/\/www.uruservice.com\/cr\/wp-json\/wp\/v2\/media?parent=696"}],"wp:term":[{"taxonomy":"category","embeddable":true,"href":"https:\/\/www.uruservice.com\/cr\/wp-json\/wp\/v2\/categories?post=696"},{"taxonomy":"post_tag","embeddable":true,"href":"https:\/\/www.uruservice.com\/cr\/wp-json\/wp\/v2\/tags?post=696"}],"curies":[{"name":"wp","href":"https:\/\/api.w.org\/{rel}","templated":true}]}}