{"id":737,"date":"2025-08-08T16:01:00","date_gmt":"2025-08-08T14:01:00","guid":{"rendered":"https:\/\/www.uruservice.com\/cr\/?p=737"},"modified":"2025-08-08T16:01:00","modified_gmt":"2025-08-08T14:01:00","slug":"trabajo-servicio-domestico-en-san-isidro-de-el-general","status":"publish","type":"post","link":"https:\/\/www.uruservice.com\/cr\/trabajo-servicio-domestico-en-san-isidro-de-el-general\/","title":{"rendered":"Trabajo servicio dom\u00e9stico en San Isidro de El General"},"content":{"rendered":"<p><html><body><\/p>\n<p>Recibimos postulaciones para puestos en servicio dom\u00e9stico integral durante todo el a\u00f1o, aunque actualmente no contamos con vacantes activas. Conservamos cuidadosamente cada curr\u00edculum para considerarlo en futuras convocatorias. Buscamos personal para tareas del hogar que sea responsable, con disponibilidad horaria, actitud positiva y experiencia en labores como limpieza, cocina, planchado, cuidado de personas y mantenimiento general. Si usted desea formar parte de un equipo comprometido con la asistencia en el hogar, le invitamos a enviar su informaci\u00f3n para futuras oportunidades.<\/p>\n<h2><span class=\"ez-toc-section\" id=\"%C2%BFDesea_formar_parte_de_nuestro_equipo_especializado_en_servicio_domestico_en_San_Isidro_de_El_General\"><\/span>\u00bfDesea formar parte de nuestro equipo especializado en servicio dom\u00e9stico en San Isidro de El General?<span class=\"ez-toc-section-end\"><\/span><\/h2>\n<p>En nuestra empresa, dedicada al <strong>servicio dom\u00e9stico integral<\/strong> en San Isidro de El General, valoramos la responsabilidad y el compromiso en cada uno de los perfiles que integran nuestro equipo. Si usted busca empleos en el mantenimiento del hogar que ofrezcan estabilidad y un ambiente laboral respetuoso, aqu\u00ed encontrar\u00e1 la oportunidad adecuada para desarrollar sus habilidades y aportar en puestos en limpieza y asistencia domiciliaria con altos est\u00e1ndares de calidad.<\/p>\n<p>Contamos con vacantes para personal para tareas del hogar, donde podr\u00e1 formar parte de un grupo confiable que reconoce el esfuerzo y la dedicaci\u00f3n. Le invitamos a enviar su curr\u00edculum y as\u00ed optar por una posici\u00f3n en la que su trabajo ser\u00e1 valorado, ofreci\u00e9ndole adem\u00e1s capacitaci\u00f3n continua y condiciones justas. Esperamos contar con candidatos comprometidos que deseen crecer profesionalmente dentro de un entorno serio y estable.<\/p>\n<div style=\"text-align:center;\"> <a class=\"boton-postulacion\" href=\"\/cr\/trabaja-con-nosotros\">Iniciar mi proceso de postulaci\u00f3n<\/a> <\/div>\n<h2><span class=\"ez-toc-section\" id=\"%C2%BFEsta_usted_preparado_para_asumir_responsabilidades_en_tareas_de_servicio_domestico\"><\/span>\u00bfEst\u00e1 usted preparado para asumir responsabilidades en tareas de servicio dom\u00e9stico?<span class=\"ez-toc-section-end\"><\/span><\/h2>\n<p>Valoramos a profesionales con experiencia en el hogar que demuestren responsabilidad y dedicaci\u00f3n en cada tarea, desde la limpieza y cocina hasta el cuidado de personas y mantenimiento general. Usted, como aspirante con vocaci\u00f3n de servicio, encontrar\u00e1 un ambiente donde su compromiso y atenci\u00f3n al detalle son fundamentales para garantizar un apoyo confiable y de calidad en San Isidro de El General.<\/p>\n<h3><span class=\"ez-toc-section\" id=\"Perfil_ideal\"><\/span><strong>Perfil ideal:<\/strong><span class=\"ez-toc-section-end\"><\/span><\/h3>\n<ul>\n<li>Experiencia comprobable en labores del hogar: limpieza, cocina, planchado o cuidado de personas<\/li>\n<li>Actitud profesional, compromiso con las tareas asignadas y disposici\u00f3n para aprender<\/li>\n<li>Disponibilidad de horario en turnos matutinos, vespertinos o jornada completa<\/li>\n<li>Puntualidad, responsabilidad y atenci\u00f3n al detalle en cada actividad<\/li>\n<li>Capacidad para seguir instrucciones y desenvolverse de forma aut\u00f3noma o en equipo<\/li>\n<\/ul>\n<div style=\"text-align:center;\"> <a class=\"boton-postulacion\" href=\"\/cr\/trabaja-con-nosotros\">Enviar mi solicitud<\/a> <\/div>\n<h2><span class=\"ez-toc-section\" id=\"%C2%BFQue_elementos_evaluamos_en_las_postulaciones_a_puestos_en_servicio_domestico\"><\/span>\u00bfQu\u00e9 elementos evaluamos en las postulaciones a puestos en servicio dom\u00e9stico?<span class=\"ez-toc-section-end\"><\/span><\/h2>\n<p>Para formar parte de nuestro equipo en San Isidro de El General, consideramos fundamental que los aspirantes responsables cuenten con experiencia previa valorada en labores como limpieza, cocina, planchado, cuidado de personas y mantenimiento del hogar. Adem\u00e1s, se tiene en cuenta la residencia cercana y la disponibilidad horaria, aspectos que facilitan un desempe\u00f1o eficiente y comprometido si usted se incorpora a nuestras filas.<\/p>\n<h3><span class=\"ez-toc-section\" id=\"Requisitos_minimos\"><\/span><strong>Requisitos m\u00ednimos:<\/strong><span class=\"ez-toc-section-end\"><\/span><\/h3>\n<ul>\n<li>Ser mayor de 18 a\u00f1os al momento de postularse<\/li>\n<li>Contar con permiso de trabajo vigente, si aplica seg\u00fan su situaci\u00f3n legal<\/li>\n<li>Haber desempe\u00f1ado previamente labores dom\u00e9sticas como limpieza, cocina, planchado, cuidado de personas o mantenimiento general<\/li>\n<li>Disponibilidad de horario en turnos matutinos, vespertinos o jornada completa<\/li>\n<li>Residencia en San Isidro de El General o en zonas cercanas con f\u00e1cil acceso<\/li>\n<li>Actitud responsable, compromiso con las tareas y disposici\u00f3n para el trabajo en equipo<\/li>\n<\/ul>\n<h2><span class=\"ez-toc-section\" id=\"Beneficios_laborales_disponibles_en_el_area_de_servicio_domestico_en_San_Isidro_de_El_General\"><\/span>Beneficios laborales disponibles en el \u00e1rea de servicio dom\u00e9stico en San Isidro de El General<span class=\"ez-toc-section-end\"><\/span><\/h2>\n<p>Si usted se suma a nuestro equipo en San Isidro de El General, encontrar\u00e1 <strong>puestos estables<\/strong> que incluyen tareas de limpieza, cocina, planchado, cuidado de personas y mantenimiento general del hogar. Habitualmente brindamos <strong>turnos flexibles<\/strong> y un ambiente laboral respetuoso, complementado con la oportunidad de formaci\u00f3n continua para fortalecer sus habilidades. Contar con un equipo comprometido garantiza condiciones que favorecen su desarrollo profesional y bienestar.<\/p>\n<ul>\n<li>Ambiente laboral respetuoso y colaborativo<\/li>\n<li>Horarios ajustados seg\u00fan su disponibilidad<\/li>\n<li>Capacitaci\u00f3n inicial para desempe\u00f1ar tareas del hogar con eficiencia<\/li>\n<li>Posibilidad de estabilidad y desarrollo dentro del puesto<\/li>\n<\/ul>\n<div style=\"text-align:center;\"> <a class=\"boton-postulacion\" href=\"\/cr\/trabaja-con-nosotros\">Deseo postularme<\/a> <\/div>\n<h2><span class=\"ez-toc-section\" id=\"%C2%BFDesea_trabajar_en_servicio_domestico_Esta_es_la_manera_de_postularse\"><\/span>\u00bfDesea trabajar en servicio dom\u00e9stico? Esta es la manera de postularse<span class=\"ez-toc-section-end\"><\/span><\/h2>\n<p>Para postularse a un puesto de servicio dom\u00e9stico en San Isidro de El General, le invitamos a completar nuestro <strong>formulario de empleo en l\u00ednea<\/strong>, donde podr\u00e1 registrar sus datos y enviar su hoja de vida. Las postulaciones digitales son revisadas de manera regular, aunque el env\u00edo de su curr\u00edculum no asegura una vacante inmediata. Las oportunidades disponibles incluyen tareas como limpieza, cocina, planchado, cuidado de personas y mantenimiento general del hogar.<\/p>\n<div style=\"text-align:center;\"> <a class=\"boton-postulacion\" href=\"\/cr\/trabaja-con-nosotros\">Enviar mi solicitud<\/a> <\/div>\n<h2><span class=\"ez-toc-section\" id=\"Esta_publicacion_no_representa_una_vacante_activa_en_este_momento\"><\/span>Esta publicaci\u00f3n no representa una vacante activa en este momento<span class=\"ez-toc-section-end\"><\/span><\/h2>\n<p>Esta publicaci\u00f3n tiene como prop\u00f3sito recopilar candidaturas anticipadas para futuras necesidades laborales en el \u00e1mbito del servicio dom\u00e9stico en San Isidro de El General, incluyendo responsabilidades como limpieza, cocina, planchado, cuidado de personas y mantenimiento general del hogar. Se aclara que actualmente no se trata de una vacante activa, por lo que el env\u00edo del curr\u00edculum vitae no garantiza una respuesta inmediata ni la participaci\u00f3n asegurada en procesos de selecci\u00f3n posteriores.<\/p>\n<h2><span class=\"ez-toc-section\" id=\"Consultas_comunes_sobre_el_proceso_de_postulacion\"><\/span>Consultas comunes sobre el proceso de postulaci\u00f3n<span class=\"ez-toc-section-end\"><\/span><\/h2>\n<ul>\n<li><strong>\u00bfQu\u00e9 tipo de tareas incluye el servicio dom\u00e9stico integral que ofrecen en San Isidro de El General?<\/strong><br \/>   Nuestro servicio dom\u00e9stico integral abarca una amplia variedad de tareas, incluyendo limpieza y mantenimiento de casas, departamentos y oficinas, cuidado de personas como adultos mayores o ni\u00f1os, y labores generales de mantenimiento. Adaptamos el servicio a las necesidades espec\u00edficas de cada cliente para garantizar un ambiente limpio, seguro y confortable.<\/li>\n<li><strong>\u00bfOfrecen horarios flexibles para el servicio dom\u00e9stico?<\/strong><br \/>   S\u00ed, contamos con horarios flexibles para ajustarnos a su disponibilidad y requerimientos. Podemos coordinar jornadas diarias, por horas o incluso servicios puntuales, facilitando la organizaci\u00f3n de sus actividades diarias sin afectar sus responsabilidades laborales o familiares.<\/li>\n<li><strong>\u00bfC\u00f3mo funcionan los turnos rotativos en el servicio dom\u00e9stico?<\/strong><br \/>   Los turnos rotativos permiten que el servicio se mantenga constante y de calidad, especialmente en hogares u oficinas que requieren atenci\u00f3n continua. Nuestro personal puede trabajar en diferentes horarios o d\u00edas seg\u00fan lo acordado, garantizando siempre la cobertura necesaria y la mejor atenci\u00f3n en cada turno.<\/li>\n<li><strong>\u00bfEs compatible el servicio dom\u00e9stico con responsabilidades familiares?<\/strong><br \/>   Absolutamente. Entendemos que muchas personas tienen compromisos familiares importantes, por lo que ofrecemos planes personalizados que se adaptan a sus horarios personales y familiares. De esta manera, usted puede contar con apoyo en las tareas del hogar sin sacrificar tiempo para su familia.<\/li>\n<li><strong>\u00bfPuedo solicitar cuidado de personas junto con tareas de limpieza y mantenimiento?<\/strong><br \/>   S\u00ed, nuestro servicio integral incluye la posibilidad de combinar cuidado de personas (como asistencia a adultos mayores o ni\u00f1os) con labores dom\u00e9sticas y mantenimiento general. Esto facilita<\/li>\n<\/ul>\n<p><\/body><\/html><\/p>\n<div id=\"ez-toc-container\" class=\"ez-toc-v2_0_81 counter-hierarchy ez-toc-counter ez-toc-grey ez-toc-container-direction\">\n<div class=\"ez-toc-title-container\">\n<p class=\"ez-toc-title\" style=\"cursor:inherit\">\u00cdndice<\/p>\n<span class=\"ez-toc-title-toggle\"><a href=\"#\" class=\"ez-toc-pull-right ez-toc-btn ez-toc-btn-xs ez-toc-btn-default ez-toc-toggle\" aria-label=\"Alternar tabla de contenidos\"><span class=\"ez-toc-js-icon-con\"><span class=\"\"><span class=\"eztoc-hide\" style=\"display:none;\">Toggle<\/span><span class=\"ez-toc-icon-toggle-span\"><svg style=\"fill: #999;color:#999\" xmlns=\"http:\/\/www.w3.org\/2000\/svg\" class=\"list-377408\" width=\"20px\" height=\"20px\" viewBox=\"0 0 24 24\" fill=\"none\"><path d=\"M6 6H4v2h2V6zm14 0H8v2h12V6zM4 11h2v2H4v-2zm16 0H8v2h12v-2zM4 16h2v2H4v-2zm16 0H8v2h12v-2z\" fill=\"currentColor\"><\/path><\/svg><svg style=\"fill: #999;color:#999\" class=\"arrow-unsorted-368013\" xmlns=\"http:\/\/www.w3.org\/2000\/svg\" width=\"10px\" height=\"10px\" viewBox=\"0 0 24 24\" version=\"1.2\" baseProfile=\"tiny\"><path d=\"M18.2 9.3l-6.2-6.3-6.2 6.3c-.2.2-.3.4-.3.7s.1.5.3.7c.2.2.4.3.7.3h11c.3 0 .5-.1.7-.3.2-.2.3-.5.3-.7s-.1-.5-.3-.7zM5.8 14.7l6.2 6.3 6.2-6.3c.2-.2.3-.5.3-.7s-.1-.5-.3-.7c-.2-.2-.4-.3-.7-.3h-11c-.3 0-.5.1-.7.3-.2.2-.3.5-.3.7s.1.5.3.7z\"\/><\/svg><\/span><\/span><\/span><\/a><\/span><\/div>\n<nav><ul class='ez-toc-list ez-toc-list-level-1 eztoc-toggle-hide-by-default' ><li class='ez-toc-page-1 ez-toc-heading-level-2'><a class=\"ez-toc-link ez-toc-heading-1\" href=\"https:\/\/www.uruservice.com\/cr\/trabajo-servicio-domestico-en-san-isidro-de-el-general\/#%C2%BFDesea_formar_parte_de_nuestro_equipo_especializado_en_servicio_domestico_en_San_Isidro_de_El_General\" >\u00bfDesea formar parte de nuestro equipo especializado en servicio dom\u00e9stico en San Isidro de El General?<\/a><\/li><li class='ez-toc-page-1 ez-toc-heading-level-2'><a class=\"ez-toc-link ez-toc-heading-2\" href=\"https:\/\/www.uruservice.com\/cr\/trabajo-servicio-domestico-en-san-isidro-de-el-general\/#%C2%BFEsta_usted_preparado_para_asumir_responsabilidades_en_tareas_de_servicio_domestico\" >\u00bfEst\u00e1 usted preparado para asumir responsabilidades en tareas de servicio dom\u00e9stico?<\/a><ul class='ez-toc-list-level-3' ><li class='ez-toc-heading-level-3'><a class=\"ez-toc-link ez-toc-heading-3\" href=\"https:\/\/www.uruservice.com\/cr\/trabajo-servicio-domestico-en-san-isidro-de-el-general\/#Perfil_ideal\" >Perfil ideal:<\/a><\/li><\/ul><\/li><li class='ez-toc-page-1 ez-toc-heading-level-2'><a class=\"ez-toc-link ez-toc-heading-4\" href=\"https:\/\/www.uruservice.com\/cr\/trabajo-servicio-domestico-en-san-isidro-de-el-general\/#%C2%BFQue_elementos_evaluamos_en_las_postulaciones_a_puestos_en_servicio_domestico\" >\u00bfQu\u00e9 elementos evaluamos en las postulaciones a puestos en servicio dom\u00e9stico?<\/a><ul class='ez-toc-list-level-3' ><li class='ez-toc-heading-level-3'><a class=\"ez-toc-link ez-toc-heading-5\" href=\"https:\/\/www.uruservice.com\/cr\/trabajo-servicio-domestico-en-san-isidro-de-el-general\/#Requisitos_minimos\" >Requisitos m\u00ednimos:<\/a><\/li><\/ul><\/li><li class='ez-toc-page-1 ez-toc-heading-level-2'><a class=\"ez-toc-link ez-toc-heading-6\" href=\"https:\/\/www.uruservice.com\/cr\/trabajo-servicio-domestico-en-san-isidro-de-el-general\/#Beneficios_laborales_disponibles_en_el_area_de_servicio_domestico_en_San_Isidro_de_El_General\" >Beneficios laborales disponibles en el \u00e1rea de servicio dom\u00e9stico en San Isidro de El General<\/a><\/li><li class='ez-toc-page-1 ez-toc-heading-level-2'><a class=\"ez-toc-link ez-toc-heading-7\" href=\"https:\/\/www.uruservice.com\/cr\/trabajo-servicio-domestico-en-san-isidro-de-el-general\/#%C2%BFDesea_trabajar_en_servicio_domestico_Esta_es_la_manera_de_postularse\" >\u00bfDesea trabajar en servicio dom\u00e9stico? Esta es la manera de postularse<\/a><\/li><li class='ez-toc-page-1 ez-toc-heading-level-2'><a class=\"ez-toc-link ez-toc-heading-8\" href=\"https:\/\/www.uruservice.com\/cr\/trabajo-servicio-domestico-en-san-isidro-de-el-general\/#Esta_publicacion_no_representa_una_vacante_activa_en_este_momento\" >Esta publicaci\u00f3n no representa una vacante activa en este momento<\/a><\/li><li class='ez-toc-page-1 ez-toc-heading-level-2'><a class=\"ez-toc-link ez-toc-heading-9\" href=\"https:\/\/www.uruservice.com\/cr\/trabajo-servicio-domestico-en-san-isidro-de-el-general\/#Consultas_comunes_sobre_el_proceso_de_postulacion\" >Consultas comunes sobre el proceso de postulaci\u00f3n<\/a><\/li><\/ul><\/nav><\/div>\n","protected":false},"excerpt":{"rendered":"<p>Recibimos postulaciones para puestos en servicio dom\u00e9stico integral durante todo el a\u00f1o, aunque actualmente no contamos con vacantes activas. Conservamos cuidadosamente cada curr\u00edculum para considerarlo en futuras convocatorias. Buscamos personal para tareas del hogar que sea responsable, con disponibilidad horaria, actitud positiva y experiencia en labores como limpieza, cocina, planchado, cuidado de personas y mantenimiento [&hellip;]<\/p>\n","protected":false},"author":1,"featured_media":727,"comment_status":"open","ping_status":"open","sticky":false,"template":"","format":"standard","meta":{"footnotes":""},"categories":[5],"tags":[],"class_list":["post-737","post","type-post","status-publish","format-standard","has-post-thumbnail","hentry","category-empleo"],"blocksy_meta":[],"yoast_head":"<!-- This site is optimized with the Yoast SEO plugin v27.1.1 - https:\/\/yoast.com\/product\/yoast-seo-wordpress\/ -->\n<title>Trabajo servicio dom\u00e9stico en San Isidro de El General | Mandanos tu CV<\/title>\n<meta name=\"description\" content=\"Esta p\u00e1gina permite dejar tu CV con experiencia en tareas dom\u00e9sticas para ser analizado si surge una vacante compatible\" \/>\n<meta name=\"robots\" content=\"index, follow, max-snippet:-1, max-image-preview:large, max-video-preview:-1\" \/>\n<link rel=\"canonical\" href=\"https:\/\/www.uruservice.com\/cr\/trabajo-servicio-domestico-en-san-isidro-de-el-general\/\" \/>\n<meta property=\"og:locale\" content=\"es_ES\" \/>\n<meta property=\"og:type\" content=\"article\" \/>\n<meta property=\"og:title\" content=\"Trabajo servicio dom\u00e9stico en San Isidro de El General | Mandanos tu CV\" \/>\n<meta property=\"og:description\" content=\"Esta p\u00e1gina permite dejar tu CV con experiencia en tareas dom\u00e9sticas para ser analizado si surge una vacante compatible\" \/>\n<meta property=\"og:url\" content=\"https:\/\/www.uruservice.com\/cr\/trabajo-servicio-domestico-en-san-isidro-de-el-general\/\" \/>\n<meta property=\"og:site_name\" content=\"Costa Rica\" \/>\n<meta property=\"article:published_time\" content=\"2025-08-08T14:01:00+00:00\" \/>\n<meta property=\"og:image\" content=\"https:\/\/www.uruservice.com\/cr\/wp-content\/uploads\/sites\/49\/2025\/08\/servicio-domestico.jpg\" \/>\n\t<meta property=\"og:image:width\" content=\"1024\" \/>\n\t<meta property=\"og:image:height\" content=\"683\" \/>\n\t<meta property=\"og:image:type\" content=\"image\/jpeg\" \/>\n<meta name=\"author\" content=\"madindio\" \/>\n<meta name=\"twitter:card\" content=\"summary_large_image\" \/>\n<meta name=\"twitter:label1\" content=\"Escrito por\" \/>\n\t<meta name=\"twitter:data1\" content=\"madindio\" \/>\n\t<meta name=\"twitter:label2\" content=\"Tiempo de lectura\" \/>\n\t<meta name=\"twitter:data2\" content=\"6 minutos\" \/>\n<script type=\"application\/ld+json\" class=\"yoast-schema-graph\">{\"@context\":\"https:\/\/schema.org\",\"@graph\":[{\"@type\":\"Article\",\"@id\":\"https:\/\/www.uruservice.com\/cr\/trabajo-servicio-domestico-en-san-isidro-de-el-general\/#article\",\"isPartOf\":{\"@id\":\"https:\/\/www.uruservice.com\/cr\/trabajo-servicio-domestico-en-san-isidro-de-el-general\/\"},\"author\":{\"name\":\"madindio\",\"@id\":\"https:\/\/www.uruservice.com\/cr\/#\/schema\/person\/31d96ea0e6c72ae23ec4f725e949fdab\"},\"headline\":\"Trabajo servicio dom\u00e9stico en San Isidro de El General\",\"datePublished\":\"2025-08-08T14:01:00+00:00\",\"mainEntityOfPage\":{\"@id\":\"https:\/\/www.uruservice.com\/cr\/trabajo-servicio-domestico-en-san-isidro-de-el-general\/\"},\"wordCount\":1131,\"commentCount\":0,\"publisher\":{\"@id\":\"https:\/\/www.uruservice.com\/cr\/#\/schema\/person\/31d96ea0e6c72ae23ec4f725e949fdab\"},\"image\":{\"@id\":\"https:\/\/www.uruservice.com\/cr\/trabajo-servicio-domestico-en-san-isidro-de-el-general\/#primaryimage\"},\"thumbnailUrl\":\"https:\/\/www.uruservice.com\/cr\/wp-content\/uploads\/sites\/49\/2025\/08\/servicio-domestico.jpg\",\"articleSection\":[\"Empleo\"],\"inLanguage\":\"es\",\"potentialAction\":[{\"@type\":\"CommentAction\",\"name\":\"Comment\",\"target\":[\"https:\/\/www.uruservice.com\/cr\/trabajo-servicio-domestico-en-san-isidro-de-el-general\/#respond\"]}]},{\"@type\":\"WebPage\",\"@id\":\"https:\/\/www.uruservice.com\/cr\/trabajo-servicio-domestico-en-san-isidro-de-el-general\/\",\"url\":\"https:\/\/www.uruservice.com\/cr\/trabajo-servicio-domestico-en-san-isidro-de-el-general\/\",\"name\":\"Trabajo servicio dom\u00e9stico en San Isidro de El General | Mandanos tu CV\",\"isPartOf\":{\"@id\":\"https:\/\/www.uruservice.com\/cr\/#website\"},\"primaryImageOfPage\":{\"@id\":\"https:\/\/www.uruservice.com\/cr\/trabajo-servicio-domestico-en-san-isidro-de-el-general\/#primaryimage\"},\"image\":{\"@id\":\"https:\/\/www.uruservice.com\/cr\/trabajo-servicio-domestico-en-san-isidro-de-el-general\/#primaryimage\"},\"thumbnailUrl\":\"https:\/\/www.uruservice.com\/cr\/wp-content\/uploads\/sites\/49\/2025\/08\/servicio-domestico.jpg\",\"datePublished\":\"2025-08-08T14:01:00+00:00\",\"description\":\"Esta p\u00e1gina permite dejar tu CV con experiencia en tareas dom\u00e9sticas para ser analizado si surge una vacante compatible\",\"breadcrumb\":{\"@id\":\"https:\/\/www.uruservice.com\/cr\/trabajo-servicio-domestico-en-san-isidro-de-el-general\/#breadcrumb\"},\"inLanguage\":\"es\",\"potentialAction\":[{\"@type\":\"ReadAction\",\"target\":[\"https:\/\/www.uruservice.com\/cr\/trabajo-servicio-domestico-en-san-isidro-de-el-general\/\"]}]},{\"@type\":\"ImageObject\",\"inLanguage\":\"es\",\"@id\":\"https:\/\/www.uruservice.com\/cr\/trabajo-servicio-domestico-en-san-isidro-de-el-general\/#primaryimage\",\"url\":\"https:\/\/www.uruservice.com\/cr\/wp-content\/uploads\/sites\/49\/2025\/08\/servicio-domestico.jpg\",\"contentUrl\":\"https:\/\/www.uruservice.com\/cr\/wp-content\/uploads\/sites\/49\/2025\/08\/servicio-domestico.jpg\",\"width\":1024,\"height\":683},{\"@type\":\"BreadcrumbList\",\"@id\":\"https:\/\/www.uruservice.com\/cr\/trabajo-servicio-domestico-en-san-isidro-de-el-general\/#breadcrumb\",\"itemListElement\":[{\"@type\":\"ListItem\",\"position\":1,\"name\":\"Portada\",\"item\":\"https:\/\/www.uruservice.com\/cr\/\"},{\"@type\":\"ListItem\",\"position\":2,\"name\":\"Trabajo servicio dom\u00e9stico en San Isidro de El General\"}]},{\"@type\":\"WebSite\",\"@id\":\"https:\/\/www.uruservice.com\/cr\/#website\",\"url\":\"https:\/\/www.uruservice.com\/cr\/\",\"name\":\"Costa Rica\",\"description\":\"\",\"publisher\":{\"@id\":\"https:\/\/www.uruservice.com\/cr\/#\/schema\/person\/31d96ea0e6c72ae23ec4f725e949fdab\"},\"potentialAction\":[{\"@type\":\"SearchAction\",\"target\":{\"@type\":\"EntryPoint\",\"urlTemplate\":\"https:\/\/www.uruservice.com\/cr\/?s={search_term_string}\"},\"query-input\":{\"@type\":\"PropertyValueSpecification\",\"valueRequired\":true,\"valueName\":\"search_term_string\"}}],\"inLanguage\":\"es\"},{\"@type\":[\"Person\",\"Organization\"],\"@id\":\"https:\/\/www.uruservice.com\/cr\/#\/schema\/person\/31d96ea0e6c72ae23ec4f725e949fdab\",\"name\":\"madindio\",\"image\":{\"@type\":\"ImageObject\",\"inLanguage\":\"es\",\"@id\":\"https:\/\/www.uruservice.com\/cr\/#\/schema\/person\/image\/\",\"url\":\"https:\/\/www.uruservice.com\/cr\/wp-content\/uploads\/sites\/49\/2025\/07\/UruService_LOGO.webp\",\"contentUrl\":\"https:\/\/www.uruservice.com\/cr\/wp-content\/uploads\/sites\/49\/2025\/07\/UruService_LOGO.webp\",\"width\":768,\"height\":203,\"caption\":\"madindio\"},\"logo\":{\"@id\":\"https:\/\/www.uruservice.com\/cr\/#\/schema\/person\/image\/\"},\"sameAs\":[\"https:\/\/www.uruservice.com\"],\"url\":\"https:\/\/www.uruservice.com\/cr\/author\/madindio\/\"}]}<\/script>\n<!-- \/ Yoast SEO plugin. -->","yoast_head_json":{"title":"Trabajo servicio dom\u00e9stico en San Isidro de El General | Mandanos tu CV","description":"Esta p\u00e1gina permite dejar tu CV con experiencia en tareas dom\u00e9sticas para ser analizado si surge una vacante compatible","robots":{"index":"index","follow":"follow","max-snippet":"max-snippet:-1","max-image-preview":"max-image-preview:large","max-video-preview":"max-video-preview:-1"},"canonical":"https:\/\/www.uruservice.com\/cr\/trabajo-servicio-domestico-en-san-isidro-de-el-general\/","og_locale":"es_ES","og_type":"article","og_title":"Trabajo servicio dom\u00e9stico en San Isidro de El General | Mandanos tu CV","og_description":"Esta p\u00e1gina permite dejar tu CV con experiencia en tareas dom\u00e9sticas para ser analizado si surge una vacante compatible","og_url":"https:\/\/www.uruservice.com\/cr\/trabajo-servicio-domestico-en-san-isidro-de-el-general\/","og_site_name":"Costa Rica","article_published_time":"2025-08-08T14:01:00+00:00","og_image":[{"width":1024,"height":683,"url":"https:\/\/www.uruservice.com\/cr\/wp-content\/uploads\/sites\/49\/2025\/08\/servicio-domestico.jpg","type":"image\/jpeg"}],"author":"madindio","twitter_card":"summary_large_image","twitter_misc":{"Escrito por":"madindio","Tiempo de lectura":"6 minutos"},"schema":{"@context":"https:\/\/schema.org","@graph":[{"@type":"Article","@id":"https:\/\/www.uruservice.com\/cr\/trabajo-servicio-domestico-en-san-isidro-de-el-general\/#article","isPartOf":{"@id":"https:\/\/www.uruservice.com\/cr\/trabajo-servicio-domestico-en-san-isidro-de-el-general\/"},"author":{"name":"madindio","@id":"https:\/\/www.uruservice.com\/cr\/#\/schema\/person\/31d96ea0e6c72ae23ec4f725e949fdab"},"headline":"Trabajo servicio dom\u00e9stico en San Isidro de El General","datePublished":"2025-08-08T14:01:00+00:00","mainEntityOfPage":{"@id":"https:\/\/www.uruservice.com\/cr\/trabajo-servicio-domestico-en-san-isidro-de-el-general\/"},"wordCount":1131,"commentCount":0,"publisher":{"@id":"https:\/\/www.uruservice.com\/cr\/#\/schema\/person\/31d96ea0e6c72ae23ec4f725e949fdab"},"image":{"@id":"https:\/\/www.uruservice.com\/cr\/trabajo-servicio-domestico-en-san-isidro-de-el-general\/#primaryimage"},"thumbnailUrl":"https:\/\/www.uruservice.com\/cr\/wp-content\/uploads\/sites\/49\/2025\/08\/servicio-domestico.jpg","articleSection":["Empleo"],"inLanguage":"es","potentialAction":[{"@type":"CommentAction","name":"Comment","target":["https:\/\/www.uruservice.com\/cr\/trabajo-servicio-domestico-en-san-isidro-de-el-general\/#respond"]}]},{"@type":"WebPage","@id":"https:\/\/www.uruservice.com\/cr\/trabajo-servicio-domestico-en-san-isidro-de-el-general\/","url":"https:\/\/www.uruservice.com\/cr\/trabajo-servicio-domestico-en-san-isidro-de-el-general\/","name":"Trabajo servicio dom\u00e9stico en San Isidro de El General | Mandanos tu CV","isPartOf":{"@id":"https:\/\/www.uruservice.com\/cr\/#website"},"primaryImageOfPage":{"@id":"https:\/\/www.uruservice.com\/cr\/trabajo-servicio-domestico-en-san-isidro-de-el-general\/#primaryimage"},"image":{"@id":"https:\/\/www.uruservice.com\/cr\/trabajo-servicio-domestico-en-san-isidro-de-el-general\/#primaryimage"},"thumbnailUrl":"https:\/\/www.uruservice.com\/cr\/wp-content\/uploads\/sites\/49\/2025\/08\/servicio-domestico.jpg","datePublished":"2025-08-08T14:01:00+00:00","description":"Esta p\u00e1gina permite dejar tu CV con experiencia en tareas dom\u00e9sticas para ser analizado si surge una vacante compatible","breadcrumb":{"@id":"https:\/\/www.uruservice.com\/cr\/trabajo-servicio-domestico-en-san-isidro-de-el-general\/#breadcrumb"},"inLanguage":"es","potentialAction":[{"@type":"ReadAction","target":["https:\/\/www.uruservice.com\/cr\/trabajo-servicio-domestico-en-san-isidro-de-el-general\/"]}]},{"@type":"ImageObject","inLanguage":"es","@id":"https:\/\/www.uruservice.com\/cr\/trabajo-servicio-domestico-en-san-isidro-de-el-general\/#primaryimage","url":"https:\/\/www.uruservice.com\/cr\/wp-content\/uploads\/sites\/49\/2025\/08\/servicio-domestico.jpg","contentUrl":"https:\/\/www.uruservice.com\/cr\/wp-content\/uploads\/sites\/49\/2025\/08\/servicio-domestico.jpg","width":1024,"height":683},{"@type":"BreadcrumbList","@id":"https:\/\/www.uruservice.com\/cr\/trabajo-servicio-domestico-en-san-isidro-de-el-general\/#breadcrumb","itemListElement":[{"@type":"ListItem","position":1,"name":"Portada","item":"https:\/\/www.uruservice.com\/cr\/"},{"@type":"ListItem","position":2,"name":"Trabajo servicio dom\u00e9stico en San Isidro de El General"}]},{"@type":"WebSite","@id":"https:\/\/www.uruservice.com\/cr\/#website","url":"https:\/\/www.uruservice.com\/cr\/","name":"Costa Rica","description":"","publisher":{"@id":"https:\/\/www.uruservice.com\/cr\/#\/schema\/person\/31d96ea0e6c72ae23ec4f725e949fdab"},"potentialAction":[{"@type":"SearchAction","target":{"@type":"EntryPoint","urlTemplate":"https:\/\/www.uruservice.com\/cr\/?s={search_term_string}"},"query-input":{"@type":"PropertyValueSpecification","valueRequired":true,"valueName":"search_term_string"}}],"inLanguage":"es"},{"@type":["Person","Organization"],"@id":"https:\/\/www.uruservice.com\/cr\/#\/schema\/person\/31d96ea0e6c72ae23ec4f725e949fdab","name":"madindio","image":{"@type":"ImageObject","inLanguage":"es","@id":"https:\/\/www.uruservice.com\/cr\/#\/schema\/person\/image\/","url":"https:\/\/www.uruservice.com\/cr\/wp-content\/uploads\/sites\/49\/2025\/07\/UruService_LOGO.webp","contentUrl":"https:\/\/www.uruservice.com\/cr\/wp-content\/uploads\/sites\/49\/2025\/07\/UruService_LOGO.webp","width":768,"height":203,"caption":"madindio"},"logo":{"@id":"https:\/\/www.uruservice.com\/cr\/#\/schema\/person\/image\/"},"sameAs":["https:\/\/www.uruservice.com"],"url":"https:\/\/www.uruservice.com\/cr\/author\/madindio\/"}]}},"_links":{"self":[{"href":"https:\/\/www.uruservice.com\/cr\/wp-json\/wp\/v2\/posts\/737","targetHints":{"allow":["GET"]}}],"collection":[{"href":"https:\/\/www.uruservice.com\/cr\/wp-json\/wp\/v2\/posts"}],"about":[{"href":"https:\/\/www.uruservice.com\/cr\/wp-json\/wp\/v2\/types\/post"}],"author":[{"embeddable":true,"href":"https:\/\/www.uruservice.com\/cr\/wp-json\/wp\/v2\/users\/1"}],"replies":[{"embeddable":true,"href":"https:\/\/www.uruservice.com\/cr\/wp-json\/wp\/v2\/comments?post=737"}],"version-history":[{"count":1,"href":"https:\/\/www.uruservice.com\/cr\/wp-json\/wp\/v2\/posts\/737\/revisions"}],"predecessor-version":[{"id":812,"href":"https:\/\/www.uruservice.com\/cr\/wp-json\/wp\/v2\/posts\/737\/revisions\/812"}],"wp:featuredmedia":[{"embeddable":true,"href":"https:\/\/www.uruservice.com\/cr\/wp-json\/wp\/v2\/media\/727"}],"wp:attachment":[{"href":"https:\/\/www.uruservice.com\/cr\/wp-json\/wp\/v2\/media?parent=737"}],"wp:term":[{"taxonomy":"category","embeddable":true,"href":"https:\/\/www.uruservice.com\/cr\/wp-json\/wp\/v2\/categories?post=737"},{"taxonomy":"post_tag","embeddable":true,"href":"https:\/\/www.uruservice.com\/cr\/wp-json\/wp\/v2\/tags?post=737"}],"curies":[{"name":"wp","href":"https:\/\/api.w.org\/{rel}","templated":true}]}}