{"id":789,"date":"2025-07-15T14:04:00","date_gmt":"2025-07-15T12:04:00","guid":{"rendered":"https:\/\/www.uruservice.com\/cr\/trabajo-servicio-domestico-en-matina\/"},"modified":"2025-07-15T14:04:00","modified_gmt":"2025-07-15T12:04:00","slug":"trabajo-servicio-domestico-en-matina","status":"publish","type":"post","link":"https:\/\/www.uruservice.com\/cr\/trabajo-servicio-domestico-en-matina\/","title":{"rendered":"Trabajo servicio dom\u00e9stico en Matina"},"content":{"rendered":"<p><html><body><\/p>\n<p>Recibimos postulaciones para puestos en <strong>servicio dom\u00e9stico integral<\/strong> durante todo el a\u00f1o, aunque actualmente no contamos con vacantes activas. Conservamos cuidadosamente todos los curr\u00edculums para evaluar candidatos cuando se abra una nueva convocatoria. Generalmente, buscamos personal responsable, con disponibilidad horaria, actitud positiva y experiencia en labores como limpieza, cocina, planchado, cuidado de personas y mantenimiento general del hogar. Si usted est\u00e1 interesado en formar parte de nuestro equipo de asistencia en el hogar, le invitamos a enviar su hoja de vida para futuras oportunidades.<\/p>\n<h2><span class=\"ez-toc-section\" id=\"%C2%BFEsta_usted_interesado_en_un_empleo_en_servicio_domestico_en_Matina\"><\/span>\u00bfEst\u00e1 usted interesado en un empleo en servicio dom\u00e9stico en Matina?<span class=\"ez-toc-section-end\"><\/span><\/h2>\n<p>En nuestra empresa, dedicada a ofrecer <strong>empleos en el mantenimiento del hogar<\/strong> en Matina, valoramos la responsabilidad y el compromiso de cada candidato. Buscamos personal para tareas del hogar que desee integrarse a un equipo confiable, donde el respeto y la colaboraci\u00f3n son pilares fundamentales. Si usted cuenta con experiencia en puestos en limpieza y asistencia domiciliaria, encontrar\u00e1 en nosotros una oportunidad para desarrollarse en un ambiente laboral serio y estable.<\/p>\n<p>Ofrecemos un servicio dom\u00e9stico integral que permite a nuestros colaboradores desempe\u00f1ar funciones variadas, desde la limpieza hasta la asistencia en labores cotidianas, siempre con el respaldo de una empresa que reconoce el esfuerzo y la dedicaci\u00f3n. Le invitamos a enviar su curr\u00edculum para formar parte de un equipo comprometido con la excelencia y la estabilidad laboral, donde su trabajo ser\u00e1 valorado y podr\u00e1 crecer profesionalmente.<\/p>\n<div style=\"text-align:center;\"> <a class=\"boton-postulacion\" href=\"\/cr\/trabaja-con-nosotros\">Deseo postularme<\/a> <\/div>\n<h2><span class=\"ez-toc-section\" id=\"%C2%BFDesea_saber_si_su_perfil_es_adecuado_para_nuestros_puestos_en_servicio_domestico\"><\/span>\u00bfDesea saber si su perfil es adecuado para nuestros puestos en servicio dom\u00e9stico?<span class=\"ez-toc-section-end\"><\/span><\/h2>\n<p>Valoramos a profesionales con experiencia en el hogar que demuestren responsabilidad y atenci\u00f3n al detalle en cada tarea, desde la limpieza y el planchado hasta el cuidado de personas y mantenimiento general. Usted, como aspirante con vocaci\u00f3n de servicio, encontrar\u00e1 en nuestro equipo un espacio donde su compromiso y dedicaci\u00f3n son esenciales para mantener ambientes seguros y confortables en Matina. Buscamos personas que, con integridad y respeto, contribuyan al bienestar integral de cada hogar atendido.<\/p>\n<h3><span class=\"ez-toc-section\" id=\"Perfil_ideal\"><\/span><strong>Perfil ideal:<\/strong><span class=\"ez-toc-section-end\"><\/span><\/h3>\n<ul>\n<li>Experiencia comprobable en labores del hogar: limpieza, cocina, planchado o cuidado de personas<\/li>\n<li>Actitud profesional, compromiso con las tareas asignadas y disposici\u00f3n para aprender<\/li>\n<li>Disponibilidad de horario en turnos matutinos, vespertinos o jornada completa<\/li>\n<li>Puntualidad, responsabilidad y atenci\u00f3n al detalle en cada actividad<\/li>\n<li>Capacidad para seguir instrucciones y desenvolverse de forma aut\u00f3noma o en equipo<\/li>\n<\/ul>\n<h2><span class=\"ez-toc-section\" id=\"%C2%BFCumple_usted_con_el_perfil_minimo_requerido_para_estos_puestos\"><\/span>\u00bfCumple usted con el perfil m\u00ednimo requerido para estos puestos?<span class=\"ez-toc-section-end\"><\/span><\/h2>\n<p>Para formar parte dentro de nuestro equipo, tenemos en cuenta que los aspirantes responsables cuenten con experiencia previa valorada en tareas como limpieza, preparaci\u00f3n de alimentos, planchado, cuidado de personas y mantenimiento general del hogar en Matina. Adem\u00e1s, es fundamental que usted posea disponibilidad horaria y residencia cercana, lo que facilita un desempe\u00f1o eficiente y comprometido en las labores asignadas. Si usted se incorpora, podr\u00e1 desarrollar sus funciones bajo un esquema de contrataci\u00f3n directa, garantizando as\u00ed una relaci\u00f3n laboral clara y profesional.<\/p>\n<h3><span class=\"ez-toc-section\" id=\"Requisitos_minimos\"><\/span><strong>Requisitos m\u00ednimos:<\/strong><span class=\"ez-toc-section-end\"><\/span><\/h3>\n<ul>\n<li>Ser mayor de 18 a\u00f1os al momento de postularse<\/li>\n<li>Contar con permiso de trabajo vigente, si aplica seg\u00fan su situaci\u00f3n legal<\/li>\n<li>Haber desempe\u00f1ado previamente labores dom\u00e9sticas como limpieza, cocina, planchado, cuidado de personas o mantenimiento general<\/li>\n<li>Disponibilidad de horario en turnos matutinos, vespertinos o jornada completa<\/li>\n<li>Residencia en Matina o en zonas cercanas con f\u00e1cil acceso<\/li>\n<li>Actitud responsable, compromiso con las tareas y disposici\u00f3n para el trabajo en equipo<\/li>\n<\/ul>\n<div style=\"text-align:center;\"> <a class=\"boton-postulacion\" href=\"\/cr\/trabaja-con-nosotros\">Deseo postularme<\/a> <\/div>\n<h2><span class=\"ez-toc-section\" id=\"Lo_que_ofrecemos_a_quienes_se_comprometen_con_responsabilidad_y_profesionalismo\"><\/span>Lo que ofrecemos a quienes se comprometen con responsabilidad y profesionalismo<span class=\"ez-toc-section-end\"><\/span><\/h2>\n<p>Si usted se suma a nuestro equipo en Matina, acceder\u00e1 a puestos estables que valoran el compromiso y profesionalismo en tareas de limpieza, cocina, planchado, cuidado de personas y mantenimiento general del hogar. Lo que habitualmente brindamos incluye turnos flexibles, un ambiente laboral respetuoso y la oportunidad de formaci\u00f3n continua para fortalecer sus habilidades. <\/p>\n<p><strong>Formar parte de un equipo comprometido<\/strong> garantiza condiciones que promueven su desarrollo y bienestar.<\/p>\n<ul>\n<li>Oportunidad de integrarse a un equipo confiable y organizado<\/li>\n<li>Provisi\u00f3n de materiales y herramientas necesarios para el trabajo<\/li>\n<li>Asignaci\u00f3n clara de funciones y distribuci\u00f3n equitativa de tareas<\/li>\n<li>Valoramos la responsabilidad, el compromiso y la cortes\u00eda en el trato<\/li>\n<\/ul>\n<div style=\"text-align:center;\"> <a class=\"boton-postulacion\" href=\"\/cr\/trabaja-con-nosotros\">Remitir mi curr\u00edculum<\/a> <\/div>\n<h2><span class=\"ez-toc-section\" id=\"%C2%BFQue_pasos_debe_seguir_para_incorporarse_a_nuestro_equipo_de_servicio_domestico\"><\/span>\u00bfQu\u00e9 pasos debe seguir para incorporarse a nuestro equipo de servicio dom\u00e9stico?<span class=\"ez-toc-section-end\"><\/span><\/h2>\n<p>Para postularse a un puesto de servicio dom\u00e9stico en Matina, usted debe completar el <strong>formulario de empleo en l\u00ednea<\/strong> con sus datos personales y experiencia. Nuestro equipo revisa regularmente cada registro en l\u00ednea, aunque el <strong>env\u00edo de la hoja de vida<\/strong> no garantiza una vacante inmediata. Las oportunidades disponibles incluyen labores como limpieza, cocina, planchado, cuidado de personas y mantenimiento general del hogar, por lo que su postulaci\u00f3n digital ser\u00e1 considerada conforme a las necesidades actuales.<\/p>\n<h2><span class=\"ez-toc-section\" id=\"%C2%BFSe_garantiza_una_oferta_al_enviar_su_solicitud_Detalles_aqui\"><\/span>\u00bfSe garantiza una oferta al enviar su solicitud? Detalles aqu\u00ed<span class=\"ez-toc-section-end\"><\/span><\/h2>\n<p>Esta publicaci\u00f3n no corresponde a una vacante activa, sino que tiene como objetivo recopilar candidaturas anticipadas para futuras oportunidades laborales en el \u00e1rea de servicio dom\u00e9stico en Matina. Las posiciones que podr\u00edan requerirse incluyen tareas como limpieza, cocina, planchado, cuidado de personas y mantenimiento general del hogar. Es importante destacar que el env\u00edo del curr\u00edculum vitae no garantiza una oferta de empleo ni asegura la participaci\u00f3n en procesos de selecci\u00f3n, ni implica una respuesta inmediata por parte de la empresa o empleador.<\/p>\n<h2><span class=\"ez-toc-section\" id=\"Consultas_comunes_sobre_el_proceso_de_postulacion\"><\/span>Consultas comunes sobre el proceso de postulaci\u00f3n<span class=\"ez-toc-section-end\"><\/span><\/h2>\n<ul>\n<li><strong>\u00bfQu\u00e9 tipo de servicios ofrece el servicio dom\u00e9stico integral en Matina?<\/strong><br \/>   Nuestro servicio dom\u00e9stico integral en Matina incluye tareas en casas, departamentos y oficinas, cuidado de personas y mantenimiento general. Adaptamos el servicio seg\u00fan sus necesidades espec\u00edficas para garantizar un ambiente limpio, seguro y c\u00f3modo.<\/li>\n<li><strong>\u00bfEl servicio dom\u00e9stico ofrece horarios flexibles?<\/strong><br \/>   S\u00ed, contamos con horarios flexibles para ajustarnos a la rutina y requerimientos de cada cliente. Podemos coordinar desde jornadas diurnas hasta nocturnas, con opciones de medio tiempo o tiempo completo, facilitando la organizaci\u00f3n del hogar o espacio laboral.<\/li>\n<li><strong>\u00bfExisten turnos rotativos disponibles?<\/strong><br \/>   S\u00ed, ofrecemos turnos rotativos para cubrir diferentes franjas horarias, ideal para empresas u hogares con necesidades cambiantes. Esta modalidad permite garantizar la continuidad del servicio sin afectar la calidad y eficiencia en las tareas asignadas.<\/li>\n<li><strong>\u00bfEl servicio es compatible con responsabilidades familiares?<\/strong><br \/>   Nuestro servicio est\u00e1 dise\u00f1ado para ser compatible con las responsabilidades familiares de nuestros clientes. Nos adaptamos a sus horarios y prioridades, facilitando el equilibrio entre el cuidado del hogar o la oficina y las obligaciones personales o familiares.<\/li>\n<li><strong>\u00bfC\u00f3mo puedo contratar el servicio dom\u00e9stico integral en Matina?<\/strong><br \/>   Puede contactarnos directamente a trav\u00e9s de nuestro sitio web o por tel\u00e9fono para recibir una asesor\u00eda personalizada. Evaluamos sus necesidades y le proponemos un plan de servicio adecuado, con flexibilidad en horarios y tareas para su total satisfacci\u00f3n.<\/li>\n<\/ul>\n<p><\/body><\/html><\/p>\n<div id=\"ez-toc-container\" class=\"ez-toc-v2_0_81 counter-hierarchy ez-toc-counter ez-toc-grey ez-toc-container-direction\">\n<div class=\"ez-toc-title-container\">\n<p class=\"ez-toc-title\" style=\"cursor:inherit\">\u00cdndice<\/p>\n<span class=\"ez-toc-title-toggle\"><a href=\"#\" class=\"ez-toc-pull-right ez-toc-btn ez-toc-btn-xs ez-toc-btn-default ez-toc-toggle\" aria-label=\"Alternar tabla de contenidos\"><span class=\"ez-toc-js-icon-con\"><span class=\"\"><span class=\"eztoc-hide\" style=\"display:none;\">Toggle<\/span><span class=\"ez-toc-icon-toggle-span\"><svg style=\"fill: #999;color:#999\" xmlns=\"http:\/\/www.w3.org\/2000\/svg\" class=\"list-377408\" width=\"20px\" height=\"20px\" viewBox=\"0 0 24 24\" fill=\"none\"><path d=\"M6 6H4v2h2V6zm14 0H8v2h12V6zM4 11h2v2H4v-2zm16 0H8v2h12v-2zM4 16h2v2H4v-2zm16 0H8v2h12v-2z\" fill=\"currentColor\"><\/path><\/svg><svg style=\"fill: #999;color:#999\" class=\"arrow-unsorted-368013\" xmlns=\"http:\/\/www.w3.org\/2000\/svg\" width=\"10px\" height=\"10px\" viewBox=\"0 0 24 24\" version=\"1.2\" baseProfile=\"tiny\"><path d=\"M18.2 9.3l-6.2-6.3-6.2 6.3c-.2.2-.3.4-.3.7s.1.5.3.7c.2.2.4.3.7.3h11c.3 0 .5-.1.7-.3.2-.2.3-.5.3-.7s-.1-.5-.3-.7zM5.8 14.7l6.2 6.3 6.2-6.3c.2-.2.3-.5.3-.7s-.1-.5-.3-.7c-.2-.2-.4-.3-.7-.3h-11c-.3 0-.5.1-.7.3-.2.2-.3.5-.3.7s.1.5.3.7z\"\/><\/svg><\/span><\/span><\/span><\/a><\/span><\/div>\n<nav><ul class='ez-toc-list ez-toc-list-level-1 eztoc-toggle-hide-by-default' ><li class='ez-toc-page-1 ez-toc-heading-level-2'><a class=\"ez-toc-link ez-toc-heading-1\" href=\"https:\/\/www.uruservice.com\/cr\/trabajo-servicio-domestico-en-matina\/#%C2%BFEsta_usted_interesado_en_un_empleo_en_servicio_domestico_en_Matina\" >\u00bfEst\u00e1 usted interesado en un empleo en servicio dom\u00e9stico en Matina?<\/a><\/li><li class='ez-toc-page-1 ez-toc-heading-level-2'><a class=\"ez-toc-link ez-toc-heading-2\" href=\"https:\/\/www.uruservice.com\/cr\/trabajo-servicio-domestico-en-matina\/#%C2%BFDesea_saber_si_su_perfil_es_adecuado_para_nuestros_puestos_en_servicio_domestico\" >\u00bfDesea saber si su perfil es adecuado para nuestros puestos en servicio dom\u00e9stico?<\/a><ul class='ez-toc-list-level-3' ><li class='ez-toc-heading-level-3'><a class=\"ez-toc-link ez-toc-heading-3\" href=\"https:\/\/www.uruservice.com\/cr\/trabajo-servicio-domestico-en-matina\/#Perfil_ideal\" >Perfil ideal:<\/a><\/li><\/ul><\/li><li class='ez-toc-page-1 ez-toc-heading-level-2'><a class=\"ez-toc-link ez-toc-heading-4\" href=\"https:\/\/www.uruservice.com\/cr\/trabajo-servicio-domestico-en-matina\/#%C2%BFCumple_usted_con_el_perfil_minimo_requerido_para_estos_puestos\" >\u00bfCumple usted con el perfil m\u00ednimo requerido para estos puestos?<\/a><ul class='ez-toc-list-level-3' ><li class='ez-toc-heading-level-3'><a class=\"ez-toc-link ez-toc-heading-5\" href=\"https:\/\/www.uruservice.com\/cr\/trabajo-servicio-domestico-en-matina\/#Requisitos_minimos\" >Requisitos m\u00ednimos:<\/a><\/li><\/ul><\/li><li class='ez-toc-page-1 ez-toc-heading-level-2'><a class=\"ez-toc-link ez-toc-heading-6\" href=\"https:\/\/www.uruservice.com\/cr\/trabajo-servicio-domestico-en-matina\/#Lo_que_ofrecemos_a_quienes_se_comprometen_con_responsabilidad_y_profesionalismo\" >Lo que ofrecemos a quienes se comprometen con responsabilidad y profesionalismo<\/a><\/li><li class='ez-toc-page-1 ez-toc-heading-level-2'><a class=\"ez-toc-link ez-toc-heading-7\" href=\"https:\/\/www.uruservice.com\/cr\/trabajo-servicio-domestico-en-matina\/#%C2%BFQue_pasos_debe_seguir_para_incorporarse_a_nuestro_equipo_de_servicio_domestico\" >\u00bfQu\u00e9 pasos debe seguir para incorporarse a nuestro equipo de servicio dom\u00e9stico?<\/a><\/li><li class='ez-toc-page-1 ez-toc-heading-level-2'><a class=\"ez-toc-link ez-toc-heading-8\" href=\"https:\/\/www.uruservice.com\/cr\/trabajo-servicio-domestico-en-matina\/#%C2%BFSe_garantiza_una_oferta_al_enviar_su_solicitud_Detalles_aqui\" >\u00bfSe garantiza una oferta al enviar su solicitud? Detalles aqu\u00ed<\/a><\/li><li class='ez-toc-page-1 ez-toc-heading-level-2'><a class=\"ez-toc-link ez-toc-heading-9\" href=\"https:\/\/www.uruservice.com\/cr\/trabajo-servicio-domestico-en-matina\/#Consultas_comunes_sobre_el_proceso_de_postulacion\" >Consultas comunes sobre el proceso de postulaci\u00f3n<\/a><\/li><\/ul><\/nav><\/div>\n","protected":false},"excerpt":{"rendered":"<p>Recibimos postulaciones para puestos en servicio dom\u00e9stico integral durante todo el a\u00f1o, aunque actualmente no contamos con vacantes activas. Conservamos cuidadosamente todos los curr\u00edculums para evaluar candidatos cuando se abra una nueva convocatoria. Generalmente, buscamos personal responsable, con disponibilidad horaria, actitud positiva y experiencia en labores como limpieza, cocina, planchado, cuidado de personas y mantenimiento [&hellip;]<\/p>\n","protected":false},"author":1,"featured_media":727,"comment_status":"open","ping_status":"open","sticky":false,"template":"","format":"standard","meta":{"footnotes":""},"categories":[5],"tags":[],"class_list":["post-789","post","type-post","status-publish","format-standard","has-post-thumbnail","hentry","category-empleo"],"blocksy_meta":[],"yoast_head":"<!-- This site is optimized with the Yoast SEO plugin v27.1.1 - https:\/\/yoast.com\/product\/yoast-seo-wordpress\/ -->\n<title>Trabajo servicio dom\u00e9stico en Matina | Mandanos tu CV<\/title>\n<meta name=\"description\" content=\"Esta p\u00e1gina permite registrar tu experiencia en tareas dom\u00e9sticas y revisamos perfiles para futuras oportunidades en el sector\" \/>\n<meta name=\"robots\" content=\"index, follow, max-snippet:-1, max-image-preview:large, max-video-preview:-1\" \/>\n<link rel=\"canonical\" href=\"https:\/\/www.uruservice.com\/cr\/trabajo-servicio-domestico-en-matina\/\" \/>\n<meta property=\"og:locale\" content=\"es_ES\" \/>\n<meta property=\"og:type\" content=\"article\" \/>\n<meta property=\"og:title\" content=\"Trabajo servicio dom\u00e9stico en Matina | Mandanos tu CV\" \/>\n<meta property=\"og:description\" content=\"Esta p\u00e1gina permite registrar tu experiencia en tareas dom\u00e9sticas y revisamos perfiles para futuras oportunidades en el sector\" \/>\n<meta property=\"og:url\" content=\"https:\/\/www.uruservice.com\/cr\/trabajo-servicio-domestico-en-matina\/\" \/>\n<meta property=\"og:site_name\" content=\"Costa Rica\" \/>\n<meta property=\"article:published_time\" content=\"2025-07-15T12:04:00+00:00\" \/>\n<meta property=\"og:image\" content=\"https:\/\/www.uruservice.com\/cr\/wp-content\/uploads\/sites\/49\/2025\/08\/servicio-domestico.jpg\" \/>\n\t<meta property=\"og:image:width\" content=\"1024\" \/>\n\t<meta property=\"og:image:height\" content=\"683\" \/>\n\t<meta property=\"og:image:type\" content=\"image\/jpeg\" \/>\n<meta name=\"author\" content=\"madindio\" \/>\n<meta name=\"twitter:card\" content=\"summary_large_image\" \/>\n<meta name=\"twitter:label1\" content=\"Escrito por\" \/>\n\t<meta name=\"twitter:data1\" content=\"madindio\" \/>\n\t<meta name=\"twitter:label2\" content=\"Tiempo de lectura\" \/>\n\t<meta name=\"twitter:data2\" content=\"6 minutos\" \/>\n<script type=\"application\/ld+json\" class=\"yoast-schema-graph\">{\"@context\":\"https:\/\/schema.org\",\"@graph\":[{\"@type\":\"Article\",\"@id\":\"https:\/\/www.uruservice.com\/cr\/trabajo-servicio-domestico-en-matina\/#article\",\"isPartOf\":{\"@id\":\"https:\/\/www.uruservice.com\/cr\/trabajo-servicio-domestico-en-matina\/\"},\"author\":{\"name\":\"madindio\",\"@id\":\"https:\/\/www.uruservice.com\/cr\/#\/schema\/person\/31d96ea0e6c72ae23ec4f725e949fdab\"},\"headline\":\"Trabajo servicio dom\u00e9stico en Matina\",\"datePublished\":\"2025-07-15T12:04:00+00:00\",\"mainEntityOfPage\":{\"@id\":\"https:\/\/www.uruservice.com\/cr\/trabajo-servicio-domestico-en-matina\/\"},\"wordCount\":1139,\"commentCount\":0,\"publisher\":{\"@id\":\"https:\/\/www.uruservice.com\/cr\/#\/schema\/person\/31d96ea0e6c72ae23ec4f725e949fdab\"},\"image\":{\"@id\":\"https:\/\/www.uruservice.com\/cr\/trabajo-servicio-domestico-en-matina\/#primaryimage\"},\"thumbnailUrl\":\"https:\/\/www.uruservice.com\/cr\/wp-content\/uploads\/sites\/49\/2025\/08\/servicio-domestico.jpg\",\"articleSection\":[\"Empleo\"],\"inLanguage\":\"es\",\"potentialAction\":[{\"@type\":\"CommentAction\",\"name\":\"Comment\",\"target\":[\"https:\/\/www.uruservice.com\/cr\/trabajo-servicio-domestico-en-matina\/#respond\"]}]},{\"@type\":\"WebPage\",\"@id\":\"https:\/\/www.uruservice.com\/cr\/trabajo-servicio-domestico-en-matina\/\",\"url\":\"https:\/\/www.uruservice.com\/cr\/trabajo-servicio-domestico-en-matina\/\",\"name\":\"Trabajo servicio dom\u00e9stico en Matina | Mandanos tu CV\",\"isPartOf\":{\"@id\":\"https:\/\/www.uruservice.com\/cr\/#website\"},\"primaryImageOfPage\":{\"@id\":\"https:\/\/www.uruservice.com\/cr\/trabajo-servicio-domestico-en-matina\/#primaryimage\"},\"image\":{\"@id\":\"https:\/\/www.uruservice.com\/cr\/trabajo-servicio-domestico-en-matina\/#primaryimage\"},\"thumbnailUrl\":\"https:\/\/www.uruservice.com\/cr\/wp-content\/uploads\/sites\/49\/2025\/08\/servicio-domestico.jpg\",\"datePublished\":\"2025-07-15T12:04:00+00:00\",\"description\":\"Esta p\u00e1gina permite registrar tu experiencia en tareas dom\u00e9sticas y revisamos perfiles para futuras oportunidades en el sector\",\"breadcrumb\":{\"@id\":\"https:\/\/www.uruservice.com\/cr\/trabajo-servicio-domestico-en-matina\/#breadcrumb\"},\"inLanguage\":\"es\",\"potentialAction\":[{\"@type\":\"ReadAction\",\"target\":[\"https:\/\/www.uruservice.com\/cr\/trabajo-servicio-domestico-en-matina\/\"]}]},{\"@type\":\"ImageObject\",\"inLanguage\":\"es\",\"@id\":\"https:\/\/www.uruservice.com\/cr\/trabajo-servicio-domestico-en-matina\/#primaryimage\",\"url\":\"https:\/\/www.uruservice.com\/cr\/wp-content\/uploads\/sites\/49\/2025\/08\/servicio-domestico.jpg\",\"contentUrl\":\"https:\/\/www.uruservice.com\/cr\/wp-content\/uploads\/sites\/49\/2025\/08\/servicio-domestico.jpg\",\"width\":1024,\"height\":683},{\"@type\":\"BreadcrumbList\",\"@id\":\"https:\/\/www.uruservice.com\/cr\/trabajo-servicio-domestico-en-matina\/#breadcrumb\",\"itemListElement\":[{\"@type\":\"ListItem\",\"position\":1,\"name\":\"Portada\",\"item\":\"https:\/\/www.uruservice.com\/cr\/\"},{\"@type\":\"ListItem\",\"position\":2,\"name\":\"Trabajo servicio dom\u00e9stico en Matina\"}]},{\"@type\":\"WebSite\",\"@id\":\"https:\/\/www.uruservice.com\/cr\/#website\",\"url\":\"https:\/\/www.uruservice.com\/cr\/\",\"name\":\"Costa Rica\",\"description\":\"\",\"publisher\":{\"@id\":\"https:\/\/www.uruservice.com\/cr\/#\/schema\/person\/31d96ea0e6c72ae23ec4f725e949fdab\"},\"potentialAction\":[{\"@type\":\"SearchAction\",\"target\":{\"@type\":\"EntryPoint\",\"urlTemplate\":\"https:\/\/www.uruservice.com\/cr\/?s={search_term_string}\"},\"query-input\":{\"@type\":\"PropertyValueSpecification\",\"valueRequired\":true,\"valueName\":\"search_term_string\"}}],\"inLanguage\":\"es\"},{\"@type\":[\"Person\",\"Organization\"],\"@id\":\"https:\/\/www.uruservice.com\/cr\/#\/schema\/person\/31d96ea0e6c72ae23ec4f725e949fdab\",\"name\":\"madindio\",\"image\":{\"@type\":\"ImageObject\",\"inLanguage\":\"es\",\"@id\":\"https:\/\/www.uruservice.com\/cr\/#\/schema\/person\/image\/\",\"url\":\"https:\/\/www.uruservice.com\/cr\/wp-content\/uploads\/sites\/49\/2025\/07\/UruService_LOGO.webp\",\"contentUrl\":\"https:\/\/www.uruservice.com\/cr\/wp-content\/uploads\/sites\/49\/2025\/07\/UruService_LOGO.webp\",\"width\":768,\"height\":203,\"caption\":\"madindio\"},\"logo\":{\"@id\":\"https:\/\/www.uruservice.com\/cr\/#\/schema\/person\/image\/\"},\"sameAs\":[\"https:\/\/www.uruservice.com\"],\"url\":\"https:\/\/www.uruservice.com\/cr\/author\/madindio\/\"}]}<\/script>\n<!-- \/ Yoast SEO plugin. -->","yoast_head_json":{"title":"Trabajo servicio dom\u00e9stico en Matina | Mandanos tu CV","description":"Esta p\u00e1gina permite registrar tu experiencia en tareas dom\u00e9sticas y revisamos perfiles para futuras oportunidades en el sector","robots":{"index":"index","follow":"follow","max-snippet":"max-snippet:-1","max-image-preview":"max-image-preview:large","max-video-preview":"max-video-preview:-1"},"canonical":"https:\/\/www.uruservice.com\/cr\/trabajo-servicio-domestico-en-matina\/","og_locale":"es_ES","og_type":"article","og_title":"Trabajo servicio dom\u00e9stico en Matina | Mandanos tu CV","og_description":"Esta p\u00e1gina permite registrar tu experiencia en tareas dom\u00e9sticas y revisamos perfiles para futuras oportunidades en el sector","og_url":"https:\/\/www.uruservice.com\/cr\/trabajo-servicio-domestico-en-matina\/","og_site_name":"Costa Rica","article_published_time":"2025-07-15T12:04:00+00:00","og_image":[{"width":1024,"height":683,"url":"https:\/\/www.uruservice.com\/cr\/wp-content\/uploads\/sites\/49\/2025\/08\/servicio-domestico.jpg","type":"image\/jpeg"}],"author":"madindio","twitter_card":"summary_large_image","twitter_misc":{"Escrito por":"madindio","Tiempo de lectura":"6 minutos"},"schema":{"@context":"https:\/\/schema.org","@graph":[{"@type":"Article","@id":"https:\/\/www.uruservice.com\/cr\/trabajo-servicio-domestico-en-matina\/#article","isPartOf":{"@id":"https:\/\/www.uruservice.com\/cr\/trabajo-servicio-domestico-en-matina\/"},"author":{"name":"madindio","@id":"https:\/\/www.uruservice.com\/cr\/#\/schema\/person\/31d96ea0e6c72ae23ec4f725e949fdab"},"headline":"Trabajo servicio dom\u00e9stico en Matina","datePublished":"2025-07-15T12:04:00+00:00","mainEntityOfPage":{"@id":"https:\/\/www.uruservice.com\/cr\/trabajo-servicio-domestico-en-matina\/"},"wordCount":1139,"commentCount":0,"publisher":{"@id":"https:\/\/www.uruservice.com\/cr\/#\/schema\/person\/31d96ea0e6c72ae23ec4f725e949fdab"},"image":{"@id":"https:\/\/www.uruservice.com\/cr\/trabajo-servicio-domestico-en-matina\/#primaryimage"},"thumbnailUrl":"https:\/\/www.uruservice.com\/cr\/wp-content\/uploads\/sites\/49\/2025\/08\/servicio-domestico.jpg","articleSection":["Empleo"],"inLanguage":"es","potentialAction":[{"@type":"CommentAction","name":"Comment","target":["https:\/\/www.uruservice.com\/cr\/trabajo-servicio-domestico-en-matina\/#respond"]}]},{"@type":"WebPage","@id":"https:\/\/www.uruservice.com\/cr\/trabajo-servicio-domestico-en-matina\/","url":"https:\/\/www.uruservice.com\/cr\/trabajo-servicio-domestico-en-matina\/","name":"Trabajo servicio dom\u00e9stico en Matina | Mandanos tu CV","isPartOf":{"@id":"https:\/\/www.uruservice.com\/cr\/#website"},"primaryImageOfPage":{"@id":"https:\/\/www.uruservice.com\/cr\/trabajo-servicio-domestico-en-matina\/#primaryimage"},"image":{"@id":"https:\/\/www.uruservice.com\/cr\/trabajo-servicio-domestico-en-matina\/#primaryimage"},"thumbnailUrl":"https:\/\/www.uruservice.com\/cr\/wp-content\/uploads\/sites\/49\/2025\/08\/servicio-domestico.jpg","datePublished":"2025-07-15T12:04:00+00:00","description":"Esta p\u00e1gina permite registrar tu experiencia en tareas dom\u00e9sticas y revisamos perfiles para futuras oportunidades en el sector","breadcrumb":{"@id":"https:\/\/www.uruservice.com\/cr\/trabajo-servicio-domestico-en-matina\/#breadcrumb"},"inLanguage":"es","potentialAction":[{"@type":"ReadAction","target":["https:\/\/www.uruservice.com\/cr\/trabajo-servicio-domestico-en-matina\/"]}]},{"@type":"ImageObject","inLanguage":"es","@id":"https:\/\/www.uruservice.com\/cr\/trabajo-servicio-domestico-en-matina\/#primaryimage","url":"https:\/\/www.uruservice.com\/cr\/wp-content\/uploads\/sites\/49\/2025\/08\/servicio-domestico.jpg","contentUrl":"https:\/\/www.uruservice.com\/cr\/wp-content\/uploads\/sites\/49\/2025\/08\/servicio-domestico.jpg","width":1024,"height":683},{"@type":"BreadcrumbList","@id":"https:\/\/www.uruservice.com\/cr\/trabajo-servicio-domestico-en-matina\/#breadcrumb","itemListElement":[{"@type":"ListItem","position":1,"name":"Portada","item":"https:\/\/www.uruservice.com\/cr\/"},{"@type":"ListItem","position":2,"name":"Trabajo servicio dom\u00e9stico en Matina"}]},{"@type":"WebSite","@id":"https:\/\/www.uruservice.com\/cr\/#website","url":"https:\/\/www.uruservice.com\/cr\/","name":"Costa Rica","description":"","publisher":{"@id":"https:\/\/www.uruservice.com\/cr\/#\/schema\/person\/31d96ea0e6c72ae23ec4f725e949fdab"},"potentialAction":[{"@type":"SearchAction","target":{"@type":"EntryPoint","urlTemplate":"https:\/\/www.uruservice.com\/cr\/?s={search_term_string}"},"query-input":{"@type":"PropertyValueSpecification","valueRequired":true,"valueName":"search_term_string"}}],"inLanguage":"es"},{"@type":["Person","Organization"],"@id":"https:\/\/www.uruservice.com\/cr\/#\/schema\/person\/31d96ea0e6c72ae23ec4f725e949fdab","name":"madindio","image":{"@type":"ImageObject","inLanguage":"es","@id":"https:\/\/www.uruservice.com\/cr\/#\/schema\/person\/image\/","url":"https:\/\/www.uruservice.com\/cr\/wp-content\/uploads\/sites\/49\/2025\/07\/UruService_LOGO.webp","contentUrl":"https:\/\/www.uruservice.com\/cr\/wp-content\/uploads\/sites\/49\/2025\/07\/UruService_LOGO.webp","width":768,"height":203,"caption":"madindio"},"logo":{"@id":"https:\/\/www.uruservice.com\/cr\/#\/schema\/person\/image\/"},"sameAs":["https:\/\/www.uruservice.com"],"url":"https:\/\/www.uruservice.com\/cr\/author\/madindio\/"}]}},"_links":{"self":[{"href":"https:\/\/www.uruservice.com\/cr\/wp-json\/wp\/v2\/posts\/789","targetHints":{"allow":["GET"]}}],"collection":[{"href":"https:\/\/www.uruservice.com\/cr\/wp-json\/wp\/v2\/posts"}],"about":[{"href":"https:\/\/www.uruservice.com\/cr\/wp-json\/wp\/v2\/types\/post"}],"author":[{"embeddable":true,"href":"https:\/\/www.uruservice.com\/cr\/wp-json\/wp\/v2\/users\/1"}],"replies":[{"embeddable":true,"href":"https:\/\/www.uruservice.com\/cr\/wp-json\/wp\/v2\/comments?post=789"}],"version-history":[{"count":0,"href":"https:\/\/www.uruservice.com\/cr\/wp-json\/wp\/v2\/posts\/789\/revisions"}],"wp:featuredmedia":[{"embeddable":true,"href":"https:\/\/www.uruservice.com\/cr\/wp-json\/wp\/v2\/media\/727"}],"wp:attachment":[{"href":"https:\/\/www.uruservice.com\/cr\/wp-json\/wp\/v2\/media?parent=789"}],"wp:term":[{"taxonomy":"category","embeddable":true,"href":"https:\/\/www.uruservice.com\/cr\/wp-json\/wp\/v2\/categories?post=789"},{"taxonomy":"post_tag","embeddable":true,"href":"https:\/\/www.uruservice.com\/cr\/wp-json\/wp\/v2\/tags?post=789"}],"curies":[{"name":"wp","href":"https:\/\/api.w.org\/{rel}","templated":true}]}}