{"id":626,"date":"2025-07-30T14:57:00","date_gmt":"2025-07-30T12:57:00","guid":{"rendered":"https:\/\/www.uruservice.com\/pa\/trabajo-de-limpieza-en-la-concepcion\/"},"modified":"2025-07-30T14:57:00","modified_gmt":"2025-07-30T12:57:00","slug":"trabajo-de-limpieza-en-la-concepcion","status":"publish","type":"post","link":"https:\/\/www.uruservice.com\/pa\/trabajo-de-limpieza-en-la-concepcion\/","title":{"rendered":"Trabajo de limpieza en La Concepci\u00f3n"},"content":{"rendered":"<p><html><body><\/p>\n<p>Estamos atentos a recibir solicitudes para puestos de limpieza durante todo el a\u00f1o, aunque actualmente no contamos con vacantes abiertas. Guardamos cuidadosamente todos los curr\u00edculos enviados y los evaluamos cuando surgen procesos de selecci\u00f3n. Buscamos personas responsables, con disponibilidad horaria flexible, actitud positiva y experiencia en labores de aseo en hogares, oficinas, edificios o \u00e1reas comunes. Si cumple con este perfil, lo invitamos a postularse para futuras oportunidades y formar parte de un equipo comprometido con la calidad y el orden.<\/p>\n<h2><span class=\"ez-toc-section\" id=\"Empleos_de_limpieza_con_condiciones_competitivas_en_La_Concepcion\"><\/span>Empleos de limpieza con condiciones competitivas en La Concepci\u00f3n<span class=\"ez-toc-section-end\"><\/span><\/h2>\n<p>En nuestra empresa, valoramos la dedicaci\u00f3n y el compromiso de quienes buscan incorporarse a puestos de limpieza en La Concepci\u00f3n. Ofrecemos empleos en labores de aseo con condiciones competitivas que garantizan estabilidad laboral y un ambiente de trabajo cordial, donde usted podr\u00e1 desempe\u00f1ar sus funciones con confianza y respaldo. Nuestro objetivo es contar con personal para tareas de limpieza comprometido y responsable, que aporte al cuidado y mantenimiento de espacios de manera eficiente.<\/p>\n<p>Si usted desea formar parte de un equipo serio y profesional, le invitamos a enviar su curr\u00edculum para evaluar su perfil y brindarle la oportunidad de integrarse a nuestras filas. Contamos con procesos claros y justos para seleccionar al mejor talento, asegurando que cada colaborador se desarrolle en un entorno respetuoso y con condiciones que valoran su esfuerzo. No dude en postularse y dar el siguiente paso en su trayectoria laboral en el \u00e1rea<\/p>\n<div style=\"text-align:center;\"> <a class=\"boton-postulacion\" href=\"\/pa\/trabaja-con-nosotros\">Deseo postularme<\/a> <\/div>\n<h2><span class=\"ez-toc-section\" id=\"%C2%BFQue_tipo_de_personas_se_adaptan_mejor_al_ambito_de_la_limpieza\"><\/span>\u00bfQu\u00e9 tipo de personas se adaptan mejor al \u00e1mbito de la limpieza?<span class=\"ez-toc-section-end\"><\/span><\/h2>\n<p>Valoramos perfiles con experiencia que demuestren responsabilidad y atenci\u00f3n al detalle, cualidades esenciales para mantener la calidad en cada espacio. Los aspirantes comprometidos que entienden la importancia de su labor y trabajan con dedicaci\u00f3n se integran de manera \u00f3ptima a nuestro equipo, aportando profesionalismo y confianza en cada tarea realizada.<\/p>\n<h3><span class=\"ez-toc-section\" id=\"Perfil_ideal\"><\/span><strong>Perfil ideal:<\/strong><span class=\"ez-toc-section-end\"><\/span><\/h3>\n<ul>\n<li>Experiencia previa en labores de limpieza (casas, oficinas o edificios)<\/li>\n<li>Compromiso y actitud responsable en el trabajo<\/li>\n<li>Disponibilidad de horario en turnos de ma\u00f1ana o tarde<\/li>\n<li>Puntualidad y sentido de la responsabilidad<\/li>\n<li>Capacidad para seguir instrucciones y trabajar en equipo<\/li>\n<\/ul>\n<div style=\"text-align:center;\"> <a class=\"boton-postulacion\" href=\"\/pa\/trabaja-con-nosotros\">Postularme a esta vacante<\/a> <\/div>\n<h2><span class=\"ez-toc-section\" id=\"Perfil_minimo_requerido_para_trabajar_en_el_area_de_limpieza\"><\/span>Perfil m\u00ednimo requerido para trabajar en el \u00e1rea de limpieza<span class=\"ez-toc-section-end\"><\/span><\/h2>\n<p>Para integrarse con nosotros en el \u00e1rea de limpieza en La Concepci\u00f3n, usted debe ser un aspirante responsable, con experiencia previa valorada y disponibilidad de horario que se ajuste a las necesidades del puesto. Tomamos en cuenta tambi\u00e9n la residencia en la zona, ya que facilita la puntualidad y el compromiso con las labores asignadas. Nuestro equipo busca perfiles comprometidos que contribuyan a mantener altos est\u00e1ndares de calidad en el servicio.<\/p>\n<h3><span class=\"ez-toc-section\" id=\"Requisitos_minimos\"><\/span><strong>Requisitos m\u00ednimos:<\/strong><span class=\"ez-toc-section-end\"><\/span><\/h3>\n<ul>\n<li>Ser mayor de 18 a\u00f1os<\/li>\n<li>Contar con permiso de trabajo vigente (cuando corresponda)<\/li>\n<li>Experiencia previa en labores similares (deseable)<\/li>\n<li>Disponibilidad de horario flexible<\/li>\n<li>Residir en La Concepci\u00f3n o en zonas cercanas<\/li>\n<\/ul>\n<h2><span class=\"ez-toc-section\" id=\"%C2%BFQue_condiciones_suele_incluir_este_tipo_de_empleo\"><\/span>\u00bfQu\u00e9 condiciones suele incluir este tipo de empleo?<span class=\"ez-toc-section-end\"><\/span><\/h2>\n<p>Al integrarse a nuestro equipo en La Concepci\u00f3n, usted podr\u00e1 acceder a puestos estables con turnos adaptados que facilitan la conciliaci\u00f3n laboral y personal. Adem\u00e1s, lo que habitualmente ofrecemos incluye un ambiente laboral respetuoso, beneficios laborales acordes a la legislaci\u00f3n vigente y oportunidades de capacitaci\u00f3n continua para fortalecer sus habilidades.<\/p>\n<ul>\n<li>Ambiente laboral cordial y trato respetuoso<\/li>\n<li>Jornadas definidas seg\u00fan el perfil<\/li>\n<li>Capacitaci\u00f3n inicial incluida<\/li>\n<li>Posibilidad de continuidad en el puesto<\/li>\n<\/ul>\n<div style=\"text-align:center;\"> <a class=\"boton-postulacion\" href=\"\/pa\/trabaja-con-nosotros\">Deseo postularme<\/a> <\/div>\n<h2><span class=\"ez-toc-section\" id=\"%C2%BFComo_manifestar_su_interes_por_trabajar_en_limpieza\"><\/span>\u00bfC\u00f3mo manifestar su inter\u00e9s por trabajar en limpieza?<span class=\"ez-toc-section-end\"><\/span><\/h2>\n<p>Para manifestar su inter\u00e9s en trabajar en limpieza en La Concepci\u00f3n, le invitamos a completar el formulario de empleo disponible en l\u00ednea y registrar sus datos personales. Revisamos peri\u00f3dicamente todas las postulaciones recibidas, aunque el env\u00edo de su curr\u00edculum no garantiza una oferta laboral inmediata. Agradecemos su inter\u00e9s y le sugerimos mantener su informaci\u00f3n actualizada para futuras oportunidades.<\/p>\n<div style=\"text-align:center;\"> <a class=\"boton-postulacion\" href=\"\/pa\/trabaja-con-nosotros\">Postularme a esta vacante<\/a> <\/div>\n<h2><span class=\"ez-toc-section\" id=\"%C2%BFQue_implica_enviar_su_curriculum_en_esta_pagina\"><\/span>\u00bfQu\u00e9 implica enviar su curr\u00edculum en esta p\u00e1gina?<span class=\"ez-toc-section-end\"><\/span><\/h2>\n<p>Al enviar su curr\u00edculum en esta p\u00e1gina, usted est\u00e1 dejando sus datos en un banco de perfiles que ser\u00e1 consultado cuando surjan vacantes relacionadas con empleos de limpieza en La Concepci\u00f3n. Es importante destacar que esta plataforma no representa una oferta laboral activa, sino un espacio destinado a recibir candidaturas de forma anticipada. Por ello, el env\u00edo de su informaci\u00f3n no garantiza un contacto inmediato ni asegura su participaci\u00f3n en alg\u00fan proceso de selecci\u00f3n futuro. Agradecemos su inter\u00e9s y le invitamos a mantener actualizados sus datos para facilitar la comunicaci\u00f3n en caso de oportunidades pertinentes.<\/p>\n<h2><span class=\"ez-toc-section\" id=\"Preguntas_y_respuestas_comunes\"><\/span>Preguntas y respuestas comunes<span class=\"ez-toc-section-end\"><\/span><\/h2>\n<ul>\n<li><strong>\u00bfEs necesario usar uniforme para los trabajos de limpieza en La Concepci\u00f3n?<\/strong>     S\u00ed, generalmente se requiere el uso de uniforme para garantizar una presentaci\u00f3n profesional y facilitar la identificaci\u00f3n del personal durante la jornada laboral.<\/li>\n<li><strong>\u00bfSe proporcionan los productos y herramientas de limpieza?<\/strong>     En la mayor\u00eda de los casos, la empresa provee todos los productos y herramientas necesarias para realizar las tareas de limpieza de manera eficiente y segura.<\/li>\n<li><strong>\u00bfExiste capacitaci\u00f3n inicial para los nuevos empleados?<\/strong>     S\u00ed, las empresas suelen ofrecer una capacitaci\u00f3n inicial donde se explican las t\u00e9cnicas de limpieza, el uso correcto de los productos y las normas de seguridad, asegurando que el personal est\u00e9 preparado para desempe\u00f1ar sus funciones adecuadamente.<\/li>\n<li><strong>\u00bfQu\u00e9 horarios de trabajo son comunes en los empleos de limpieza en La Concepci\u00f3n?<\/strong>     Los horarios pueden variar, incluyendo turnos matutinos, vespertinos o nocturnos, dependiendo de las necesidades del cliente o la empresa contratante.<\/li>\n<li><strong>\u00bfSe requiere experiencia previa para trabajar en limpieza en La Concepci\u00f3n?<\/strong>     No siempre es indispensable contar con experiencia previa, ya que muchas empresas valoran la disposici\u00f3n y la actitud del candidato, ofreciendo la capacitaci\u00f3n necesaria para que pueda incorporarse correctamente al puesto.<\/li>\n<\/ul>\n<p><\/body><\/html><\/p>\n<div id=\"ez-toc-container\" class=\"ez-toc-v2_0_81 counter-hierarchy ez-toc-counter ez-toc-grey ez-toc-container-direction\">\n<div class=\"ez-toc-title-container\">\n<p class=\"ez-toc-title\" style=\"cursor:inherit\">\u00cdndice<\/p>\n<span class=\"ez-toc-title-toggle\"><a href=\"#\" class=\"ez-toc-pull-right ez-toc-btn ez-toc-btn-xs ez-toc-btn-default ez-toc-toggle\" aria-label=\"Alternar tabla de contenidos\"><span class=\"ez-toc-js-icon-con\"><span class=\"\"><span class=\"eztoc-hide\" style=\"display:none;\">Toggle<\/span><span class=\"ez-toc-icon-toggle-span\"><svg style=\"fill: #999;color:#999\" xmlns=\"http:\/\/www.w3.org\/2000\/svg\" class=\"list-377408\" width=\"20px\" height=\"20px\" viewBox=\"0 0 24 24\" fill=\"none\"><path d=\"M6 6H4v2h2V6zm14 0H8v2h12V6zM4 11h2v2H4v-2zm16 0H8v2h12v-2zM4 16h2v2H4v-2zm16 0H8v2h12v-2z\" fill=\"currentColor\"><\/path><\/svg><svg style=\"fill: #999;color:#999\" class=\"arrow-unsorted-368013\" xmlns=\"http:\/\/www.w3.org\/2000\/svg\" width=\"10px\" height=\"10px\" viewBox=\"0 0 24 24\" version=\"1.2\" baseProfile=\"tiny\"><path d=\"M18.2 9.3l-6.2-6.3-6.2 6.3c-.2.2-.3.4-.3.7s.1.5.3.7c.2.2.4.3.7.3h11c.3 0 .5-.1.7-.3.2-.2.3-.5.3-.7s-.1-.5-.3-.7zM5.8 14.7l6.2 6.3 6.2-6.3c.2-.2.3-.5.3-.7s-.1-.5-.3-.7c-.2-.2-.4-.3-.7-.3h-11c-.3 0-.5.1-.7.3-.2.2-.3.5-.3.7s.1.5.3.7z\"\/><\/svg><\/span><\/span><\/span><\/a><\/span><\/div>\n<nav><ul class='ez-toc-list ez-toc-list-level-1 eztoc-toggle-hide-by-default' ><li class='ez-toc-page-1 ez-toc-heading-level-2'><a class=\"ez-toc-link ez-toc-heading-1\" href=\"https:\/\/www.uruservice.com\/pa\/trabajo-de-limpieza-en-la-concepcion\/#Empleos_de_limpieza_con_condiciones_competitivas_en_La_Concepcion\" >Empleos de limpieza con condiciones competitivas en La Concepci\u00f3n<\/a><\/li><li class='ez-toc-page-1 ez-toc-heading-level-2'><a class=\"ez-toc-link ez-toc-heading-2\" href=\"https:\/\/www.uruservice.com\/pa\/trabajo-de-limpieza-en-la-concepcion\/#%C2%BFQue_tipo_de_personas_se_adaptan_mejor_al_ambito_de_la_limpieza\" >\u00bfQu\u00e9 tipo de personas se adaptan mejor al \u00e1mbito de la limpieza?<\/a><ul class='ez-toc-list-level-3' ><li class='ez-toc-heading-level-3'><a class=\"ez-toc-link ez-toc-heading-3\" href=\"https:\/\/www.uruservice.com\/pa\/trabajo-de-limpieza-en-la-concepcion\/#Perfil_ideal\" >Perfil ideal:<\/a><\/li><\/ul><\/li><li class='ez-toc-page-1 ez-toc-heading-level-2'><a class=\"ez-toc-link ez-toc-heading-4\" href=\"https:\/\/www.uruservice.com\/pa\/trabajo-de-limpieza-en-la-concepcion\/#Perfil_minimo_requerido_para_trabajar_en_el_area_de_limpieza\" >Perfil m\u00ednimo requerido para trabajar en el \u00e1rea de limpieza<\/a><ul class='ez-toc-list-level-3' ><li class='ez-toc-heading-level-3'><a class=\"ez-toc-link ez-toc-heading-5\" href=\"https:\/\/www.uruservice.com\/pa\/trabajo-de-limpieza-en-la-concepcion\/#Requisitos_minimos\" >Requisitos m\u00ednimos:<\/a><\/li><\/ul><\/li><li class='ez-toc-page-1 ez-toc-heading-level-2'><a class=\"ez-toc-link ez-toc-heading-6\" href=\"https:\/\/www.uruservice.com\/pa\/trabajo-de-limpieza-en-la-concepcion\/#%C2%BFQue_condiciones_suele_incluir_este_tipo_de_empleo\" >\u00bfQu\u00e9 condiciones suele incluir este tipo de empleo?<\/a><\/li><li class='ez-toc-page-1 ez-toc-heading-level-2'><a class=\"ez-toc-link ez-toc-heading-7\" href=\"https:\/\/www.uruservice.com\/pa\/trabajo-de-limpieza-en-la-concepcion\/#%C2%BFComo_manifestar_su_interes_por_trabajar_en_limpieza\" >\u00bfC\u00f3mo manifestar su inter\u00e9s por trabajar en limpieza?<\/a><\/li><li class='ez-toc-page-1 ez-toc-heading-level-2'><a class=\"ez-toc-link ez-toc-heading-8\" href=\"https:\/\/www.uruservice.com\/pa\/trabajo-de-limpieza-en-la-concepcion\/#%C2%BFQue_implica_enviar_su_curriculum_en_esta_pagina\" >\u00bfQu\u00e9 implica enviar su curr\u00edculum en esta p\u00e1gina?<\/a><\/li><li class='ez-toc-page-1 ez-toc-heading-level-2'><a class=\"ez-toc-link ez-toc-heading-9\" href=\"https:\/\/www.uruservice.com\/pa\/trabajo-de-limpieza-en-la-concepcion\/#Preguntas_y_respuestas_comunes\" >Preguntas y respuestas comunes<\/a><\/li><\/ul><\/nav><\/div>\n","protected":false},"excerpt":{"rendered":"<p>Estamos atentos a recibir solicitudes para puestos de limpieza durante todo el a\u00f1o, aunque actualmente no contamos con vacantes abiertas. Guardamos cuidadosamente todos los curr\u00edculos enviados y los evaluamos cuando surgen procesos de selecci\u00f3n. Buscamos personas responsables, con disponibilidad horaria flexible, actitud positiva y experiencia en labores de aseo en hogares, oficinas, edificios o \u00e1reas [&hellip;]<\/p>\n","protected":false},"author":1,"featured_media":611,"comment_status":"open","ping_status":"open","sticky":false,"template":"","format":"standard","meta":{"footnotes":""},"categories":[5],"tags":[],"class_list":["post-626","post","type-post","status-publish","format-standard","has-post-thumbnail","hentry","category-empleo"],"blocksy_meta":[],"yoast_head":"<!-- This site is optimized with the Yoast SEO plugin v27.1.1 - https:\/\/yoast.com\/product\/yoast-seo-wordpress\/ -->\n<title>Empleo en limpieza en La Concepci\u00f3n | Env\u00ede su curr\u00edculum<\/title>\n<meta name=\"description\" content=\"Esta p\u00e1gina permite enviar curr\u00edculums para ser analizados y considerados en procesos de selecci\u00f3n cuando surjan vacantes en limpieza\" \/>\n<meta name=\"robots\" content=\"index, follow, max-snippet:-1, max-image-preview:large, max-video-preview:-1\" \/>\n<link rel=\"canonical\" href=\"https:\/\/www.uruservice.com\/pa\/trabajo-de-limpieza-en-la-concepcion\/\" \/>\n<meta property=\"og:locale\" content=\"es_ES\" \/>\n<meta property=\"og:type\" content=\"article\" \/>\n<meta property=\"og:title\" content=\"Empleo en limpieza en La Concepci\u00f3n | Env\u00ede su curr\u00edculum\" \/>\n<meta property=\"og:description\" content=\"Esta p\u00e1gina permite enviar curr\u00edculums para ser analizados y considerados en procesos de selecci\u00f3n cuando surjan vacantes en limpieza\" \/>\n<meta property=\"og:url\" content=\"https:\/\/www.uruservice.com\/pa\/trabajo-de-limpieza-en-la-concepcion\/\" \/>\n<meta property=\"og:site_name\" content=\"Panam\u00e1\" \/>\n<meta property=\"article:published_time\" content=\"2025-07-30T12:57:00+00:00\" \/>\n<meta property=\"og:image\" content=\"https:\/\/www.uruservice.com\/pa\/wp-content\/uploads\/sites\/47\/2025\/08\/oferta-limpieza.jpg\" \/>\n\t<meta property=\"og:image:width\" content=\"1450\" \/>\n\t<meta property=\"og:image:height\" content=\"686\" \/>\n\t<meta property=\"og:image:type\" content=\"image\/jpeg\" \/>\n<meta name=\"author\" content=\"madindio\" \/>\n<meta name=\"twitter:card\" content=\"summary_large_image\" \/>\n<meta name=\"twitter:label1\" content=\"Escrito por\" \/>\n\t<meta name=\"twitter:data1\" content=\"madindio\" \/>\n\t<meta name=\"twitter:label2\" content=\"Tiempo de lectura\" \/>\n\t<meta name=\"twitter:data2\" content=\"5 minutos\" \/>\n<script type=\"application\/ld+json\" class=\"yoast-schema-graph\">{\"@context\":\"https:\/\/schema.org\",\"@graph\":[{\"@type\":\"Article\",\"@id\":\"https:\/\/www.uruservice.com\/pa\/trabajo-de-limpieza-en-la-concepcion\/#article\",\"isPartOf\":{\"@id\":\"https:\/\/www.uruservice.com\/pa\/trabajo-de-limpieza-en-la-concepcion\/\"},\"author\":{\"name\":\"madindio\",\"@id\":\"https:\/\/www.uruservice.com\/pa\/#\/schema\/person\/31d96ea0e6c72ae23ec4f725e949fdab\"},\"headline\":\"Trabajo de limpieza en La Concepci\u00f3n\",\"datePublished\":\"2025-07-30T12:57:00+00:00\",\"mainEntityOfPage\":{\"@id\":\"https:\/\/www.uruservice.com\/pa\/trabajo-de-limpieza-en-la-concepcion\/\"},\"wordCount\":972,\"commentCount\":0,\"publisher\":{\"@id\":\"https:\/\/www.uruservice.com\/pa\/#\/schema\/person\/31d96ea0e6c72ae23ec4f725e949fdab\"},\"image\":{\"@id\":\"https:\/\/www.uruservice.com\/pa\/trabajo-de-limpieza-en-la-concepcion\/#primaryimage\"},\"thumbnailUrl\":\"https:\/\/www.uruservice.com\/pa\/wp-content\/uploads\/sites\/47\/2025\/08\/oferta-limpieza.jpg\",\"articleSection\":[\"Empleo\"],\"inLanguage\":\"es\",\"potentialAction\":[{\"@type\":\"CommentAction\",\"name\":\"Comment\",\"target\":[\"https:\/\/www.uruservice.com\/pa\/trabajo-de-limpieza-en-la-concepcion\/#respond\"]}]},{\"@type\":\"WebPage\",\"@id\":\"https:\/\/www.uruservice.com\/pa\/trabajo-de-limpieza-en-la-concepcion\/\",\"url\":\"https:\/\/www.uruservice.com\/pa\/trabajo-de-limpieza-en-la-concepcion\/\",\"name\":\"Empleo en limpieza en La Concepci\u00f3n | Env\u00ede su curr\u00edculum\",\"isPartOf\":{\"@id\":\"https:\/\/www.uruservice.com\/pa\/#website\"},\"primaryImageOfPage\":{\"@id\":\"https:\/\/www.uruservice.com\/pa\/trabajo-de-limpieza-en-la-concepcion\/#primaryimage\"},\"image\":{\"@id\":\"https:\/\/www.uruservice.com\/pa\/trabajo-de-limpieza-en-la-concepcion\/#primaryimage\"},\"thumbnailUrl\":\"https:\/\/www.uruservice.com\/pa\/wp-content\/uploads\/sites\/47\/2025\/08\/oferta-limpieza.jpg\",\"datePublished\":\"2025-07-30T12:57:00+00:00\",\"description\":\"Esta p\u00e1gina permite enviar curr\u00edculums para ser analizados y considerados en procesos de selecci\u00f3n cuando surjan vacantes en limpieza\",\"breadcrumb\":{\"@id\":\"https:\/\/www.uruservice.com\/pa\/trabajo-de-limpieza-en-la-concepcion\/#breadcrumb\"},\"inLanguage\":\"es\",\"potentialAction\":[{\"@type\":\"ReadAction\",\"target\":[\"https:\/\/www.uruservice.com\/pa\/trabajo-de-limpieza-en-la-concepcion\/\"]}]},{\"@type\":\"ImageObject\",\"inLanguage\":\"es\",\"@id\":\"https:\/\/www.uruservice.com\/pa\/trabajo-de-limpieza-en-la-concepcion\/#primaryimage\",\"url\":\"https:\/\/www.uruservice.com\/pa\/wp-content\/uploads\/sites\/47\/2025\/08\/oferta-limpieza.jpg\",\"contentUrl\":\"https:\/\/www.uruservice.com\/pa\/wp-content\/uploads\/sites\/47\/2025\/08\/oferta-limpieza.jpg\",\"width\":1450,\"height\":686},{\"@type\":\"BreadcrumbList\",\"@id\":\"https:\/\/www.uruservice.com\/pa\/trabajo-de-limpieza-en-la-concepcion\/#breadcrumb\",\"itemListElement\":[{\"@type\":\"ListItem\",\"position\":1,\"name\":\"Portada\",\"item\":\"https:\/\/www.uruservice.com\/pa\/\"},{\"@type\":\"ListItem\",\"position\":2,\"name\":\"Trabajo de limpieza en La Concepci\u00f3n\"}]},{\"@type\":\"WebSite\",\"@id\":\"https:\/\/www.uruservice.com\/pa\/#website\",\"url\":\"https:\/\/www.uruservice.com\/pa\/\",\"name\":\"Panam\u00e1\",\"description\":\"\",\"publisher\":{\"@id\":\"https:\/\/www.uruservice.com\/pa\/#\/schema\/person\/31d96ea0e6c72ae23ec4f725e949fdab\"},\"potentialAction\":[{\"@type\":\"SearchAction\",\"target\":{\"@type\":\"EntryPoint\",\"urlTemplate\":\"https:\/\/www.uruservice.com\/pa\/?s={search_term_string}\"},\"query-input\":{\"@type\":\"PropertyValueSpecification\",\"valueRequired\":true,\"valueName\":\"search_term_string\"}}],\"inLanguage\":\"es\"},{\"@type\":[\"Person\",\"Organization\"],\"@id\":\"https:\/\/www.uruservice.com\/pa\/#\/schema\/person\/31d96ea0e6c72ae23ec4f725e949fdab\",\"name\":\"madindio\",\"image\":{\"@type\":\"ImageObject\",\"inLanguage\":\"es\",\"@id\":\"https:\/\/www.uruservice.com\/pa\/#\/schema\/person\/image\/\",\"url\":\"https:\/\/www.uruservice.com\/pa\/wp-content\/uploads\/sites\/47\/2025\/07\/UruService_LOGO.webp\",\"contentUrl\":\"https:\/\/www.uruservice.com\/pa\/wp-content\/uploads\/sites\/47\/2025\/07\/UruService_LOGO.webp\",\"width\":768,\"height\":203,\"caption\":\"madindio\"},\"logo\":{\"@id\":\"https:\/\/www.uruservice.com\/pa\/#\/schema\/person\/image\/\"},\"sameAs\":[\"https:\/\/www.uruservice.com\"],\"url\":\"https:\/\/www.uruservice.com\/pa\/author\/madindio\/\"}]}<\/script>\n<!-- \/ Yoast SEO plugin. -->","yoast_head_json":{"title":"Empleo en limpieza en La Concepci\u00f3n | Env\u00ede su curr\u00edculum","description":"Esta p\u00e1gina permite enviar curr\u00edculums para ser analizados y considerados en procesos de selecci\u00f3n cuando surjan vacantes en limpieza","robots":{"index":"index","follow":"follow","max-snippet":"max-snippet:-1","max-image-preview":"max-image-preview:large","max-video-preview":"max-video-preview:-1"},"canonical":"https:\/\/www.uruservice.com\/pa\/trabajo-de-limpieza-en-la-concepcion\/","og_locale":"es_ES","og_type":"article","og_title":"Empleo en limpieza en La Concepci\u00f3n | Env\u00ede su curr\u00edculum","og_description":"Esta p\u00e1gina permite enviar curr\u00edculums para ser analizados y considerados en procesos de selecci\u00f3n cuando surjan vacantes en limpieza","og_url":"https:\/\/www.uruservice.com\/pa\/trabajo-de-limpieza-en-la-concepcion\/","og_site_name":"Panam\u00e1","article_published_time":"2025-07-30T12:57:00+00:00","og_image":[{"width":1450,"height":686,"url":"https:\/\/www.uruservice.com\/pa\/wp-content\/uploads\/sites\/47\/2025\/08\/oferta-limpieza.jpg","type":"image\/jpeg"}],"author":"madindio","twitter_card":"summary_large_image","twitter_misc":{"Escrito por":"madindio","Tiempo de lectura":"5 minutos"},"schema":{"@context":"https:\/\/schema.org","@graph":[{"@type":"Article","@id":"https:\/\/www.uruservice.com\/pa\/trabajo-de-limpieza-en-la-concepcion\/#article","isPartOf":{"@id":"https:\/\/www.uruservice.com\/pa\/trabajo-de-limpieza-en-la-concepcion\/"},"author":{"name":"madindio","@id":"https:\/\/www.uruservice.com\/pa\/#\/schema\/person\/31d96ea0e6c72ae23ec4f725e949fdab"},"headline":"Trabajo de limpieza en La Concepci\u00f3n","datePublished":"2025-07-30T12:57:00+00:00","mainEntityOfPage":{"@id":"https:\/\/www.uruservice.com\/pa\/trabajo-de-limpieza-en-la-concepcion\/"},"wordCount":972,"commentCount":0,"publisher":{"@id":"https:\/\/www.uruservice.com\/pa\/#\/schema\/person\/31d96ea0e6c72ae23ec4f725e949fdab"},"image":{"@id":"https:\/\/www.uruservice.com\/pa\/trabajo-de-limpieza-en-la-concepcion\/#primaryimage"},"thumbnailUrl":"https:\/\/www.uruservice.com\/pa\/wp-content\/uploads\/sites\/47\/2025\/08\/oferta-limpieza.jpg","articleSection":["Empleo"],"inLanguage":"es","potentialAction":[{"@type":"CommentAction","name":"Comment","target":["https:\/\/www.uruservice.com\/pa\/trabajo-de-limpieza-en-la-concepcion\/#respond"]}]},{"@type":"WebPage","@id":"https:\/\/www.uruservice.com\/pa\/trabajo-de-limpieza-en-la-concepcion\/","url":"https:\/\/www.uruservice.com\/pa\/trabajo-de-limpieza-en-la-concepcion\/","name":"Empleo en limpieza en La Concepci\u00f3n | Env\u00ede su curr\u00edculum","isPartOf":{"@id":"https:\/\/www.uruservice.com\/pa\/#website"},"primaryImageOfPage":{"@id":"https:\/\/www.uruservice.com\/pa\/trabajo-de-limpieza-en-la-concepcion\/#primaryimage"},"image":{"@id":"https:\/\/www.uruservice.com\/pa\/trabajo-de-limpieza-en-la-concepcion\/#primaryimage"},"thumbnailUrl":"https:\/\/www.uruservice.com\/pa\/wp-content\/uploads\/sites\/47\/2025\/08\/oferta-limpieza.jpg","datePublished":"2025-07-30T12:57:00+00:00","description":"Esta p\u00e1gina permite enviar curr\u00edculums para ser analizados y considerados en procesos de selecci\u00f3n cuando surjan vacantes en limpieza","breadcrumb":{"@id":"https:\/\/www.uruservice.com\/pa\/trabajo-de-limpieza-en-la-concepcion\/#breadcrumb"},"inLanguage":"es","potentialAction":[{"@type":"ReadAction","target":["https:\/\/www.uruservice.com\/pa\/trabajo-de-limpieza-en-la-concepcion\/"]}]},{"@type":"ImageObject","inLanguage":"es","@id":"https:\/\/www.uruservice.com\/pa\/trabajo-de-limpieza-en-la-concepcion\/#primaryimage","url":"https:\/\/www.uruservice.com\/pa\/wp-content\/uploads\/sites\/47\/2025\/08\/oferta-limpieza.jpg","contentUrl":"https:\/\/www.uruservice.com\/pa\/wp-content\/uploads\/sites\/47\/2025\/08\/oferta-limpieza.jpg","width":1450,"height":686},{"@type":"BreadcrumbList","@id":"https:\/\/www.uruservice.com\/pa\/trabajo-de-limpieza-en-la-concepcion\/#breadcrumb","itemListElement":[{"@type":"ListItem","position":1,"name":"Portada","item":"https:\/\/www.uruservice.com\/pa\/"},{"@type":"ListItem","position":2,"name":"Trabajo de limpieza en La Concepci\u00f3n"}]},{"@type":"WebSite","@id":"https:\/\/www.uruservice.com\/pa\/#website","url":"https:\/\/www.uruservice.com\/pa\/","name":"Panam\u00e1","description":"","publisher":{"@id":"https:\/\/www.uruservice.com\/pa\/#\/schema\/person\/31d96ea0e6c72ae23ec4f725e949fdab"},"potentialAction":[{"@type":"SearchAction","target":{"@type":"EntryPoint","urlTemplate":"https:\/\/www.uruservice.com\/pa\/?s={search_term_string}"},"query-input":{"@type":"PropertyValueSpecification","valueRequired":true,"valueName":"search_term_string"}}],"inLanguage":"es"},{"@type":["Person","Organization"],"@id":"https:\/\/www.uruservice.com\/pa\/#\/schema\/person\/31d96ea0e6c72ae23ec4f725e949fdab","name":"madindio","image":{"@type":"ImageObject","inLanguage":"es","@id":"https:\/\/www.uruservice.com\/pa\/#\/schema\/person\/image\/","url":"https:\/\/www.uruservice.com\/pa\/wp-content\/uploads\/sites\/47\/2025\/07\/UruService_LOGO.webp","contentUrl":"https:\/\/www.uruservice.com\/pa\/wp-content\/uploads\/sites\/47\/2025\/07\/UruService_LOGO.webp","width":768,"height":203,"caption":"madindio"},"logo":{"@id":"https:\/\/www.uruservice.com\/pa\/#\/schema\/person\/image\/"},"sameAs":["https:\/\/www.uruservice.com"],"url":"https:\/\/www.uruservice.com\/pa\/author\/madindio\/"}]}},"_links":{"self":[{"href":"https:\/\/www.uruservice.com\/pa\/wp-json\/wp\/v2\/posts\/626","targetHints":{"allow":["GET"]}}],"collection":[{"href":"https:\/\/www.uruservice.com\/pa\/wp-json\/wp\/v2\/posts"}],"about":[{"href":"https:\/\/www.uruservice.com\/pa\/wp-json\/wp\/v2\/types\/post"}],"author":[{"embeddable":true,"href":"https:\/\/www.uruservice.com\/pa\/wp-json\/wp\/v2\/users\/1"}],"replies":[{"embeddable":true,"href":"https:\/\/www.uruservice.com\/pa\/wp-json\/wp\/v2\/comments?post=626"}],"version-history":[{"count":0,"href":"https:\/\/www.uruservice.com\/pa\/wp-json\/wp\/v2\/posts\/626\/revisions"}],"wp:featuredmedia":[{"embeddable":true,"href":"https:\/\/www.uruservice.com\/pa\/wp-json\/wp\/v2\/media\/611"}],"wp:attachment":[{"href":"https:\/\/www.uruservice.com\/pa\/wp-json\/wp\/v2\/media?parent=626"}],"wp:term":[{"taxonomy":"category","embeddable":true,"href":"https:\/\/www.uruservice.com\/pa\/wp-json\/wp\/v2\/categories?post=626"},{"taxonomy":"post_tag","embeddable":true,"href":"https:\/\/www.uruservice.com\/pa\/wp-json\/wp\/v2\/tags?post=626"}],"curies":[{"name":"wp","href":"https:\/\/api.w.org\/{rel}","templated":true}]}}