{"id":733,"date":"2025-07-29T13:10:00","date_gmt":"2025-07-29T11:10:00","guid":{"rendered":"https:\/\/www.uruservice.com\/pe\/trabajo-de-limpieza-en-la-perla\/"},"modified":"2025-07-29T13:10:00","modified_gmt":"2025-07-29T11:10:00","slug":"trabajo-de-limpieza-en-la-perla","status":"publish","type":"post","link":"https:\/\/www.uruservice.com\/pe\/trabajo-de-limpieza-en-la-perla\/","title":{"rendered":"Trabajo de limpieza en La Perla"},"content":{"rendered":"<p><html><body><\/p>\n<p>Si est\u00e1s buscando un empleo en el \u00e1rea de limpieza, te invitamos a enviar tu hoja de vida en cualquier momento del a\u00f1o. Actualmente no contamos con vacantes abiertas, pero guardamos cuidadosamente todos los curr\u00edculos para revisarlos cuando surjan nuevas oportunidades. Generalmente, buscamos personas responsables, con disponibilidad horaria, buena actitud y experiencia en labores de limpieza en hogares, oficinas, edificios o \u00e1reas comunes. Tu perfil puede ser justo lo que necesitamos para futuros procesos de selecci\u00f3n, as\u00ed que no dudes en postularte y mantener tu informaci\u00f3n actualizada.<\/p>\n<h2><span class=\"ez-toc-section\" id=\"Buscamos_personal_para_tareas_de_limpieza_en_La_Perla\"><\/span>Buscamos personal para tareas de limpieza en La Perla<span class=\"ez-toc-section-end\"><\/span><\/h2>\n<p>Si est\u00e1s buscando una oportunidad para integrarte a un equipo serio y comprometido, esta es tu ocasi\u00f3n para postularte en puestos de limpieza en La Perla. Valoramos el trabajo dedicado y ofrecemos condiciones que promueven la estabilidad laboral, as\u00ed como un ambiente donde el respeto y la colaboraci\u00f3n son prioridad. Aqu\u00ed podr\u00e1s desarrollar tus habilidades en empleos como limpiador\/a, con tareas claras y organizadas que facilitan tu desempe\u00f1o diario.<\/p>\n<p>Formar parte de nuestro personal para tareas de limpieza significa contar con un buen clima laboral donde cada integrante es fundamental para el \u00e9xito colectivo. Te invitamos a enviar tu hoja de vida si buscas un empleo con condiciones justas y la posibilidad de crecer dentro de la organizaci\u00f3n. Estamos atentos a recibir candidaturas responsables y comprometidas que deseen contribuir con su esfuerzo y profesionalismo en La Perla.<\/p>\n<h2><span class=\"ez-toc-section\" id=\"%C2%BFComo_saber_si_tienes_el_perfil_adecuado_para_limpieza_en_La_Perla\"><\/span>\u00bfC\u00f3mo saber si tienes el perfil adecuado para limpieza en La Perla?<span class=\"ez-toc-section-end\"><\/span><\/h2>\n<p>Valoramos perfiles con experiencia que demuestren responsabilidad y atenci\u00f3n al detalle en cada tarea. Si eres un aspirante comprometido, que busca aportar orden y limpieza con dedicaci\u00f3n, aqu\u00ed encontrar\u00e1s un espacio para crecer como profesional de la limpieza en La Perla. Queremos personas que trabajen con entusiasmo y que se sientan parte de un equipo que cuida cada ambiente con esmero.<\/p>\n<h3><span class=\"ez-toc-section\" id=\"Perfil_ideal\"><\/span><strong>Perfil ideal:<\/strong><span class=\"ez-toc-section-end\"><\/span><\/h3>\n<ul>\n<li>Experiencia previa en limpieza (casas, oficinas o edificios)<\/li>\n<li>Actitud positiva y compromiso con el trabajo<\/li>\n<li>Disponibilidad horaria en la ma\u00f1ana o en la tarde<\/li>\n<li>Puntualidad y responsabilidad<\/li>\n<li>Capacidad para seguir instrucciones y trabajar en equipo<\/li>\n<\/ul>\n<div style=\"text-align:center;\"> <a class=\"boton-postulacion\" href=\"\/pe\/trabaja-con-nosotros\">Quiero postularme<\/a> <\/div>\n<h2><span class=\"ez-toc-section\" id=\"Estas_son_las_condiciones_minimas_que_valoramos\"><\/span>Estas son las condiciones m\u00ednimas que valoramos<span class=\"ez-toc-section-end\"><\/span><\/h2>\n<p>Si te unes a nosotros en La Perla, valoramos que seas un aspirante responsable con experiencia previa valorada y que cuentes con disponibilidad horaria adecuada para el servicio. Tambi\u00e9n tenemos en cuenta que residas en la zona o en sus alrededores, ya que esto facilita la puntualidad y el compromiso diario con el trabajo. As\u00ed, aseguramos que cada integrante de nuestro equipo cumpla con las condiciones necesarias para ofrecer un servicio de calidad.<\/p>\n<h3><span class=\"ez-toc-section\" id=\"Requisitos_minimos\"><\/span><strong>Requisitos m\u00ednimos:<\/strong><span class=\"ez-toc-section-end\"><\/span><\/h3>\n<ul>\n<li>Ser mayor de 18 a\u00f1os<\/li>\n<li>Contar con permiso de trabajo vigente (si aplica)<\/li>\n<li>Experiencia previa en tareas similares (deseable, no excluyente)<\/li>\n<li>Disponibilidad horaria flexible<\/li>\n<li>Residir en La Perla o zonas cercanas<\/li>\n<\/ul>\n<div style=\"text-align:center;\"> <a class=\"boton-postulacion\" href=\"\/pe\/trabaja-con-nosotros\">Postularme a esta vacante<\/a> <\/div>\n<h2><span class=\"ez-toc-section\" id=\"%C2%BFPor_que_vale_la_pena_ser_parte_de_nuestro_personal_de_limpieza\"><\/span>\u00bfPor qu\u00e9 vale la pena ser parte de nuestro personal de limpieza?<span class=\"ez-toc-section-end\"><\/span><\/h2>\n<p>Si te unes a nuestro equipo en La Perla, contar\u00e1s con puestos estables y turnos flexibles que se adaptan a tus necesidades. Lo que ofrecemos a nuestro personal incluye un ambiente laboral respetuoso y la posibilidad de crecer gracias a capacitaciones constantes. As\u00ed, colaborar\u00e1s junto a un equipo comprometido que valora tu trabajo y esfuerzo d\u00eda a d\u00eda.<\/p>\n<ul>\n<li>Oportunidad de integrarte a un equipo estable<\/li>\n<li>Herramientas y materiales de trabajo proporcionados<\/li>\n<li>Tareas bien organizadas y planificadas<\/li>\n<li>Valoramos tu compromiso y dedicaci\u00f3n<\/li>\n<\/ul>\n<div style=\"text-align:center;\"> <a class=\"boton-postulacion\" href=\"\/pe\/trabaja-con-nosotros\">Enviar mi hoja de vida<\/a> <\/div>\n<h2><span class=\"ez-toc-section\" id=\"Pasos_para_enviarnos_tu_solicitud_correctamente\"><\/span>Pasos para enviarnos tu solicitud correctamente<span class=\"ez-toc-section-end\"><\/span><\/h2>\n<p>Para postularte a un trabajo de limpieza en La Perla, completa el formulario de empleo con tus datos personales y realiza el env\u00edo de tu hoja de vida a trav\u00e9s del registro en l\u00ednea. Revisamos las postulaciones con regularidad para evaluar cada solicitud, pero ten en cuenta que recibir tu informaci\u00f3n no garantiza una oferta laboral concreta. Te invitamos a mantener tus datos actualizados para que podamos contactarte si surge una oportunidad adecuada.<\/p>\n<h2><span class=\"ez-toc-section\" id=\"Aspectos_legales_de_esta_publicacion_en_La_Perla\"><\/span>Aspectos legales de esta publicaci\u00f3n en La Perla<span class=\"ez-toc-section-end\"><\/span><\/h2>\n<p>Esta p\u00e1gina tiene como prop\u00f3sito recibir hojas de vida de manera anticipada para futuras vacantes en el \u00e1rea de limpieza en La Perla; no se trata de una oferta laboral activa. Es importante destacar que el env\u00edo de sus datos personales no implica un contacto inmediato ni garantiza su inclusi\u00f3n en los procesos de selecci\u00f3n posteriores. Le invitamos a mantenerse atento a las convocatorias oficiales que ser\u00e1n publicadas oportunamente.<\/p>\n<div style=\"text-align:center;\"> <a class=\"boton-postulacion\" href=\"\/pe\/trabaja-con-nosotros\">Enviar mi hoja de vida<\/a> <\/div>\n<h2><span class=\"ez-toc-section\" id=\"Preguntas_frecuentes_sobre_nuestras_vacantes\"><\/span>Preguntas frecuentes sobre nuestras vacantes<span class=\"ez-toc-section-end\"><\/span><\/h2>\n<ul>\n<li><strong>\u00bfEs obligatorio usar uniforme para los trabajos de limpieza en La Perla?<\/strong><br \/>   S\u00ed, proporcionamos un uniforme espec\u00edfico para garantizar la presentaci\u00f3n adecuada y la identificaci\u00f3n del personal durante sus labores.<\/li>\n<li><strong>\u00bfLos empleados deben llevar sus propios productos de limpieza?<\/strong><br \/>   No, en La Perla suministramos todos los productos y materiales necesarios para realizar las tareas de limpieza de manera eficiente y segura.<\/li>\n<li><strong>\u00bfOfrecen capacitaci\u00f3n inicial para los trabajos de limpieza?<\/strong><br \/>   S\u00ed, brindamos una capacitaci\u00f3n inicial completa que cubre t\u00e9cnicas de limpieza, uso correcto de productos y normas de seguridad para asegurar un desempe\u00f1o \u00f3ptimo desde el primer d\u00eda.<\/li>\n<li><strong>\u00bfQu\u00e9 horarios est\u00e1n disponibles para los trabajos de limpieza?<\/strong><br \/>   Los horarios pueden variar seg\u00fan la necesidad, incluyendo turnos matutinos, vespertinos y, en algunos casos, fines de semana, para adaptarnos a la disponibilidad de los empleados.<\/li>\n<li><strong>\u00bfEs necesario tener experiencia previa para aplicar?<\/strong><br \/>   No es indispensable contar con experiencia previa, ya que nuestra capacitaci\u00f3n inicial est\u00e1 dise\u00f1ada para preparar a los nuevos colaboradores y facilitar su integraci\u00f3n al equipo de limpieza en La Perla.<\/li>\n<\/ul>\n<p><\/body><\/html><\/p>\n<div id=\"ez-toc-container\" class=\"ez-toc-v2_0_81 counter-hierarchy ez-toc-counter ez-toc-grey ez-toc-container-direction\">\n<div class=\"ez-toc-title-container\">\n<p class=\"ez-toc-title\" style=\"cursor:inherit\">\u00cdndice<\/p>\n<span class=\"ez-toc-title-toggle\"><a href=\"#\" class=\"ez-toc-pull-right ez-toc-btn ez-toc-btn-xs ez-toc-btn-default ez-toc-toggle\" aria-label=\"Alternar tabla de contenidos\"><span class=\"ez-toc-js-icon-con\"><span class=\"\"><span class=\"eztoc-hide\" style=\"display:none;\">Toggle<\/span><span class=\"ez-toc-icon-toggle-span\"><svg style=\"fill: #999;color:#999\" xmlns=\"http:\/\/www.w3.org\/2000\/svg\" class=\"list-377408\" width=\"20px\" height=\"20px\" viewBox=\"0 0 24 24\" fill=\"none\"><path d=\"M6 6H4v2h2V6zm14 0H8v2h12V6zM4 11h2v2H4v-2zm16 0H8v2h12v-2zM4 16h2v2H4v-2zm16 0H8v2h12v-2z\" fill=\"currentColor\"><\/path><\/svg><svg style=\"fill: #999;color:#999\" class=\"arrow-unsorted-368013\" xmlns=\"http:\/\/www.w3.org\/2000\/svg\" width=\"10px\" height=\"10px\" viewBox=\"0 0 24 24\" version=\"1.2\" baseProfile=\"tiny\"><path d=\"M18.2 9.3l-6.2-6.3-6.2 6.3c-.2.2-.3.4-.3.7s.1.5.3.7c.2.2.4.3.7.3h11c.3 0 .5-.1.7-.3.2-.2.3-.5.3-.7s-.1-.5-.3-.7zM5.8 14.7l6.2 6.3 6.2-6.3c.2-.2.3-.5.3-.7s-.1-.5-.3-.7c-.2-.2-.4-.3-.7-.3h-11c-.3 0-.5.1-.7.3-.2.2-.3.5-.3.7s.1.5.3.7z\"\/><\/svg><\/span><\/span><\/span><\/a><\/span><\/div>\n<nav><ul class='ez-toc-list ez-toc-list-level-1 eztoc-toggle-hide-by-default' ><li class='ez-toc-page-1 ez-toc-heading-level-2'><a class=\"ez-toc-link ez-toc-heading-1\" href=\"https:\/\/www.uruservice.com\/pe\/trabajo-de-limpieza-en-la-perla\/#Buscamos_personal_para_tareas_de_limpieza_en_La_Perla\" >Buscamos personal para tareas de limpieza en La Perla<\/a><\/li><li class='ez-toc-page-1 ez-toc-heading-level-2'><a class=\"ez-toc-link ez-toc-heading-2\" href=\"https:\/\/www.uruservice.com\/pe\/trabajo-de-limpieza-en-la-perla\/#%C2%BFComo_saber_si_tienes_el_perfil_adecuado_para_limpieza_en_La_Perla\" >\u00bfC\u00f3mo saber si tienes el perfil adecuado para limpieza en La Perla?<\/a><ul class='ez-toc-list-level-3' ><li class='ez-toc-heading-level-3'><a class=\"ez-toc-link ez-toc-heading-3\" href=\"https:\/\/www.uruservice.com\/pe\/trabajo-de-limpieza-en-la-perla\/#Perfil_ideal\" >Perfil ideal:<\/a><\/li><\/ul><\/li><li class='ez-toc-page-1 ez-toc-heading-level-2'><a class=\"ez-toc-link ez-toc-heading-4\" href=\"https:\/\/www.uruservice.com\/pe\/trabajo-de-limpieza-en-la-perla\/#Estas_son_las_condiciones_minimas_que_valoramos\" >Estas son las condiciones m\u00ednimas que valoramos<\/a><ul class='ez-toc-list-level-3' ><li class='ez-toc-heading-level-3'><a class=\"ez-toc-link ez-toc-heading-5\" href=\"https:\/\/www.uruservice.com\/pe\/trabajo-de-limpieza-en-la-perla\/#Requisitos_minimos\" >Requisitos m\u00ednimos:<\/a><\/li><\/ul><\/li><li class='ez-toc-page-1 ez-toc-heading-level-2'><a class=\"ez-toc-link ez-toc-heading-6\" href=\"https:\/\/www.uruservice.com\/pe\/trabajo-de-limpieza-en-la-perla\/#%C2%BFPor_que_vale_la_pena_ser_parte_de_nuestro_personal_de_limpieza\" >\u00bfPor qu\u00e9 vale la pena ser parte de nuestro personal de limpieza?<\/a><\/li><li class='ez-toc-page-1 ez-toc-heading-level-2'><a class=\"ez-toc-link ez-toc-heading-7\" href=\"https:\/\/www.uruservice.com\/pe\/trabajo-de-limpieza-en-la-perla\/#Pasos_para_enviarnos_tu_solicitud_correctamente\" >Pasos para enviarnos tu solicitud correctamente<\/a><\/li><li class='ez-toc-page-1 ez-toc-heading-level-2'><a class=\"ez-toc-link ez-toc-heading-8\" href=\"https:\/\/www.uruservice.com\/pe\/trabajo-de-limpieza-en-la-perla\/#Aspectos_legales_de_esta_publicacion_en_La_Perla\" >Aspectos legales de esta publicaci\u00f3n en La Perla<\/a><\/li><li class='ez-toc-page-1 ez-toc-heading-level-2'><a class=\"ez-toc-link ez-toc-heading-9\" href=\"https:\/\/www.uruservice.com\/pe\/trabajo-de-limpieza-en-la-perla\/#Preguntas_frecuentes_sobre_nuestras_vacantes\" >Preguntas frecuentes sobre nuestras vacantes<\/a><\/li><\/ul><\/nav><\/div>\n","protected":false},"excerpt":{"rendered":"<p>Si est\u00e1s buscando un empleo en el \u00e1rea de limpieza, te invitamos a enviar tu hoja de vida en cualquier momento del a\u00f1o. Actualmente no contamos con vacantes abiertas, pero guardamos cuidadosamente todos los curr\u00edculos para revisarlos cuando surjan nuevas oportunidades. Generalmente, buscamos personas responsables, con disponibilidad horaria, buena actitud y experiencia en labores de [&hellip;]<\/p>\n","protected":false},"author":1,"featured_media":626,"comment_status":"open","ping_status":"open","sticky":false,"template":"","format":"standard","meta":{"footnotes":""},"categories":[5],"tags":[],"class_list":["post-733","post","type-post","status-publish","format-standard","has-post-thumbnail","hentry","category-empleo"],"blocksy_meta":[],"yoast_head":"<!-- This site is optimized with the Yoast SEO plugin v27.1.1 - https:\/\/yoast.com\/product\/yoast-seo-wordpress\/ -->\n<title>Oportunidad en limpieza en La Perla | Post\u00falate aqu\u00ed<\/title>\n<meta name=\"description\" content=\"Esta p\u00e1gina permite enviar tu hoja de vida para ser revisada y tenerla en cuenta si surgen vacantes en el sector de limpieza\" \/>\n<meta name=\"robots\" content=\"index, follow, max-snippet:-1, max-image-preview:large, max-video-preview:-1\" \/>\n<link rel=\"canonical\" href=\"https:\/\/www.uruservice.com\/pe\/trabajo-de-limpieza-en-la-perla\/\" \/>\n<meta property=\"og:locale\" content=\"es_ES\" \/>\n<meta property=\"og:type\" content=\"article\" \/>\n<meta property=\"og:title\" content=\"Oportunidad en limpieza en La Perla | Post\u00falate aqu\u00ed\" \/>\n<meta property=\"og:description\" content=\"Esta p\u00e1gina permite enviar tu hoja de vida para ser revisada y tenerla en cuenta si surgen vacantes en el sector de limpieza\" \/>\n<meta property=\"og:url\" content=\"https:\/\/www.uruservice.com\/pe\/trabajo-de-limpieza-en-la-perla\/\" \/>\n<meta property=\"og:site_name\" content=\"Per\u00fa\" \/>\n<meta property=\"article:published_time\" content=\"2025-07-29T11:10:00+00:00\" \/>\n<meta property=\"og:image\" content=\"https:\/\/www.uruservice.com\/pe\/wp-content\/uploads\/sites\/54\/2025\/08\/oferta-limpieza.jpg\" \/>\n\t<meta property=\"og:image:width\" content=\"1450\" \/>\n\t<meta property=\"og:image:height\" content=\"686\" \/>\n\t<meta property=\"og:image:type\" content=\"image\/jpeg\" \/>\n<meta name=\"author\" content=\"madindio\" \/>\n<meta name=\"twitter:card\" content=\"summary_large_image\" \/>\n<meta name=\"twitter:label1\" content=\"Escrito por\" \/>\n\t<meta name=\"twitter:data1\" content=\"madindio\" \/>\n\t<meta name=\"twitter:label2\" content=\"Tiempo de lectura\" \/>\n\t<meta name=\"twitter:data2\" content=\"5 minutos\" \/>\n<script type=\"application\/ld+json\" class=\"yoast-schema-graph\">{\"@context\":\"https:\/\/schema.org\",\"@graph\":[{\"@type\":\"Article\",\"@id\":\"https:\/\/www.uruservice.com\/pe\/trabajo-de-limpieza-en-la-perla\/#article\",\"isPartOf\":{\"@id\":\"https:\/\/www.uruservice.com\/pe\/trabajo-de-limpieza-en-la-perla\/\"},\"author\":{\"name\":\"madindio\",\"@id\":\"https:\/\/www.uruservice.com\/pe\/#\/schema\/person\/31d96ea0e6c72ae23ec4f725e949fdab\"},\"headline\":\"Trabajo de limpieza en La Perla\",\"datePublished\":\"2025-07-29T11:10:00+00:00\",\"mainEntityOfPage\":{\"@id\":\"https:\/\/www.uruservice.com\/pe\/trabajo-de-limpieza-en-la-perla\/\"},\"wordCount\":951,\"commentCount\":0,\"publisher\":{\"@id\":\"https:\/\/www.uruservice.com\/pe\/#\/schema\/person\/31d96ea0e6c72ae23ec4f725e949fdab\"},\"image\":{\"@id\":\"https:\/\/www.uruservice.com\/pe\/trabajo-de-limpieza-en-la-perla\/#primaryimage\"},\"thumbnailUrl\":\"https:\/\/www.uruservice.com\/pe\/wp-content\/uploads\/sites\/54\/2025\/08\/oferta-limpieza.jpg\",\"articleSection\":[\"Empleo\"],\"inLanguage\":\"es\",\"potentialAction\":[{\"@type\":\"CommentAction\",\"name\":\"Comment\",\"target\":[\"https:\/\/www.uruservice.com\/pe\/trabajo-de-limpieza-en-la-perla\/#respond\"]}]},{\"@type\":\"WebPage\",\"@id\":\"https:\/\/www.uruservice.com\/pe\/trabajo-de-limpieza-en-la-perla\/\",\"url\":\"https:\/\/www.uruservice.com\/pe\/trabajo-de-limpieza-en-la-perla\/\",\"name\":\"Oportunidad en limpieza en La Perla | Post\u00falate aqu\u00ed\",\"isPartOf\":{\"@id\":\"https:\/\/www.uruservice.com\/pe\/#website\"},\"primaryImageOfPage\":{\"@id\":\"https:\/\/www.uruservice.com\/pe\/trabajo-de-limpieza-en-la-perla\/#primaryimage\"},\"image\":{\"@id\":\"https:\/\/www.uruservice.com\/pe\/trabajo-de-limpieza-en-la-perla\/#primaryimage\"},\"thumbnailUrl\":\"https:\/\/www.uruservice.com\/pe\/wp-content\/uploads\/sites\/54\/2025\/08\/oferta-limpieza.jpg\",\"datePublished\":\"2025-07-29T11:10:00+00:00\",\"description\":\"Esta p\u00e1gina permite enviar tu hoja de vida para ser revisada y tenerla en cuenta si surgen vacantes en el sector de limpieza\",\"breadcrumb\":{\"@id\":\"https:\/\/www.uruservice.com\/pe\/trabajo-de-limpieza-en-la-perla\/#breadcrumb\"},\"inLanguage\":\"es\",\"potentialAction\":[{\"@type\":\"ReadAction\",\"target\":[\"https:\/\/www.uruservice.com\/pe\/trabajo-de-limpieza-en-la-perla\/\"]}]},{\"@type\":\"ImageObject\",\"inLanguage\":\"es\",\"@id\":\"https:\/\/www.uruservice.com\/pe\/trabajo-de-limpieza-en-la-perla\/#primaryimage\",\"url\":\"https:\/\/www.uruservice.com\/pe\/wp-content\/uploads\/sites\/54\/2025\/08\/oferta-limpieza.jpg\",\"contentUrl\":\"https:\/\/www.uruservice.com\/pe\/wp-content\/uploads\/sites\/54\/2025\/08\/oferta-limpieza.jpg\",\"width\":1450,\"height\":686},{\"@type\":\"BreadcrumbList\",\"@id\":\"https:\/\/www.uruservice.com\/pe\/trabajo-de-limpieza-en-la-perla\/#breadcrumb\",\"itemListElement\":[{\"@type\":\"ListItem\",\"position\":1,\"name\":\"Portada\",\"item\":\"https:\/\/www.uruservice.com\/pe\/\"},{\"@type\":\"ListItem\",\"position\":2,\"name\":\"Trabajo de limpieza en La Perla\"}]},{\"@type\":\"WebSite\",\"@id\":\"https:\/\/www.uruservice.com\/pe\/#website\",\"url\":\"https:\/\/www.uruservice.com\/pe\/\",\"name\":\"Per\u00fa\",\"description\":\"\",\"publisher\":{\"@id\":\"https:\/\/www.uruservice.com\/pe\/#\/schema\/person\/31d96ea0e6c72ae23ec4f725e949fdab\"},\"potentialAction\":[{\"@type\":\"SearchAction\",\"target\":{\"@type\":\"EntryPoint\",\"urlTemplate\":\"https:\/\/www.uruservice.com\/pe\/?s={search_term_string}\"},\"query-input\":{\"@type\":\"PropertyValueSpecification\",\"valueRequired\":true,\"valueName\":\"search_term_string\"}}],\"inLanguage\":\"es\"},{\"@type\":[\"Person\",\"Organization\"],\"@id\":\"https:\/\/www.uruservice.com\/pe\/#\/schema\/person\/31d96ea0e6c72ae23ec4f725e949fdab\",\"name\":\"madindio\",\"image\":{\"@type\":\"ImageObject\",\"inLanguage\":\"es\",\"@id\":\"https:\/\/www.uruservice.com\/pe\/#\/schema\/person\/image\/\",\"url\":\"https:\/\/www.uruservice.com\/pe\/wp-content\/uploads\/sites\/54\/2025\/07\/UruService_LOGO.webp\",\"contentUrl\":\"https:\/\/www.uruservice.com\/pe\/wp-content\/uploads\/sites\/54\/2025\/07\/UruService_LOGO.webp\",\"width\":768,\"height\":203,\"caption\":\"madindio\"},\"logo\":{\"@id\":\"https:\/\/www.uruservice.com\/pe\/#\/schema\/person\/image\/\"},\"sameAs\":[\"https:\/\/www.uruservice.com\"],\"url\":\"https:\/\/www.uruservice.com\/pe\/author\/madindio\/\"}]}<\/script>\n<!-- \/ Yoast SEO plugin. -->","yoast_head_json":{"title":"Oportunidad en limpieza en La Perla | Post\u00falate aqu\u00ed","description":"Esta p\u00e1gina permite enviar tu hoja de vida para ser revisada y tenerla en cuenta si surgen vacantes en el sector de limpieza","robots":{"index":"index","follow":"follow","max-snippet":"max-snippet:-1","max-image-preview":"max-image-preview:large","max-video-preview":"max-video-preview:-1"},"canonical":"https:\/\/www.uruservice.com\/pe\/trabajo-de-limpieza-en-la-perla\/","og_locale":"es_ES","og_type":"article","og_title":"Oportunidad en limpieza en La Perla | Post\u00falate aqu\u00ed","og_description":"Esta p\u00e1gina permite enviar tu hoja de vida para ser revisada y tenerla en cuenta si surgen vacantes en el sector de limpieza","og_url":"https:\/\/www.uruservice.com\/pe\/trabajo-de-limpieza-en-la-perla\/","og_site_name":"Per\u00fa","article_published_time":"2025-07-29T11:10:00+00:00","og_image":[{"width":1450,"height":686,"url":"https:\/\/www.uruservice.com\/pe\/wp-content\/uploads\/sites\/54\/2025\/08\/oferta-limpieza.jpg","type":"image\/jpeg"}],"author":"madindio","twitter_card":"summary_large_image","twitter_misc":{"Escrito por":"madindio","Tiempo de lectura":"5 minutos"},"schema":{"@context":"https:\/\/schema.org","@graph":[{"@type":"Article","@id":"https:\/\/www.uruservice.com\/pe\/trabajo-de-limpieza-en-la-perla\/#article","isPartOf":{"@id":"https:\/\/www.uruservice.com\/pe\/trabajo-de-limpieza-en-la-perla\/"},"author":{"name":"madindio","@id":"https:\/\/www.uruservice.com\/pe\/#\/schema\/person\/31d96ea0e6c72ae23ec4f725e949fdab"},"headline":"Trabajo de limpieza en La Perla","datePublished":"2025-07-29T11:10:00+00:00","mainEntityOfPage":{"@id":"https:\/\/www.uruservice.com\/pe\/trabajo-de-limpieza-en-la-perla\/"},"wordCount":951,"commentCount":0,"publisher":{"@id":"https:\/\/www.uruservice.com\/pe\/#\/schema\/person\/31d96ea0e6c72ae23ec4f725e949fdab"},"image":{"@id":"https:\/\/www.uruservice.com\/pe\/trabajo-de-limpieza-en-la-perla\/#primaryimage"},"thumbnailUrl":"https:\/\/www.uruservice.com\/pe\/wp-content\/uploads\/sites\/54\/2025\/08\/oferta-limpieza.jpg","articleSection":["Empleo"],"inLanguage":"es","potentialAction":[{"@type":"CommentAction","name":"Comment","target":["https:\/\/www.uruservice.com\/pe\/trabajo-de-limpieza-en-la-perla\/#respond"]}]},{"@type":"WebPage","@id":"https:\/\/www.uruservice.com\/pe\/trabajo-de-limpieza-en-la-perla\/","url":"https:\/\/www.uruservice.com\/pe\/trabajo-de-limpieza-en-la-perla\/","name":"Oportunidad en limpieza en La Perla | Post\u00falate aqu\u00ed","isPartOf":{"@id":"https:\/\/www.uruservice.com\/pe\/#website"},"primaryImageOfPage":{"@id":"https:\/\/www.uruservice.com\/pe\/trabajo-de-limpieza-en-la-perla\/#primaryimage"},"image":{"@id":"https:\/\/www.uruservice.com\/pe\/trabajo-de-limpieza-en-la-perla\/#primaryimage"},"thumbnailUrl":"https:\/\/www.uruservice.com\/pe\/wp-content\/uploads\/sites\/54\/2025\/08\/oferta-limpieza.jpg","datePublished":"2025-07-29T11:10:00+00:00","description":"Esta p\u00e1gina permite enviar tu hoja de vida para ser revisada y tenerla en cuenta si surgen vacantes en el sector de limpieza","breadcrumb":{"@id":"https:\/\/www.uruservice.com\/pe\/trabajo-de-limpieza-en-la-perla\/#breadcrumb"},"inLanguage":"es","potentialAction":[{"@type":"ReadAction","target":["https:\/\/www.uruservice.com\/pe\/trabajo-de-limpieza-en-la-perla\/"]}]},{"@type":"ImageObject","inLanguage":"es","@id":"https:\/\/www.uruservice.com\/pe\/trabajo-de-limpieza-en-la-perla\/#primaryimage","url":"https:\/\/www.uruservice.com\/pe\/wp-content\/uploads\/sites\/54\/2025\/08\/oferta-limpieza.jpg","contentUrl":"https:\/\/www.uruservice.com\/pe\/wp-content\/uploads\/sites\/54\/2025\/08\/oferta-limpieza.jpg","width":1450,"height":686},{"@type":"BreadcrumbList","@id":"https:\/\/www.uruservice.com\/pe\/trabajo-de-limpieza-en-la-perla\/#breadcrumb","itemListElement":[{"@type":"ListItem","position":1,"name":"Portada","item":"https:\/\/www.uruservice.com\/pe\/"},{"@type":"ListItem","position":2,"name":"Trabajo de limpieza en La Perla"}]},{"@type":"WebSite","@id":"https:\/\/www.uruservice.com\/pe\/#website","url":"https:\/\/www.uruservice.com\/pe\/","name":"Per\u00fa","description":"","publisher":{"@id":"https:\/\/www.uruservice.com\/pe\/#\/schema\/person\/31d96ea0e6c72ae23ec4f725e949fdab"},"potentialAction":[{"@type":"SearchAction","target":{"@type":"EntryPoint","urlTemplate":"https:\/\/www.uruservice.com\/pe\/?s={search_term_string}"},"query-input":{"@type":"PropertyValueSpecification","valueRequired":true,"valueName":"search_term_string"}}],"inLanguage":"es"},{"@type":["Person","Organization"],"@id":"https:\/\/www.uruservice.com\/pe\/#\/schema\/person\/31d96ea0e6c72ae23ec4f725e949fdab","name":"madindio","image":{"@type":"ImageObject","inLanguage":"es","@id":"https:\/\/www.uruservice.com\/pe\/#\/schema\/person\/image\/","url":"https:\/\/www.uruservice.com\/pe\/wp-content\/uploads\/sites\/54\/2025\/07\/UruService_LOGO.webp","contentUrl":"https:\/\/www.uruservice.com\/pe\/wp-content\/uploads\/sites\/54\/2025\/07\/UruService_LOGO.webp","width":768,"height":203,"caption":"madindio"},"logo":{"@id":"https:\/\/www.uruservice.com\/pe\/#\/schema\/person\/image\/"},"sameAs":["https:\/\/www.uruservice.com"],"url":"https:\/\/www.uruservice.com\/pe\/author\/madindio\/"}]}},"_links":{"self":[{"href":"https:\/\/www.uruservice.com\/pe\/wp-json\/wp\/v2\/posts\/733","targetHints":{"allow":["GET"]}}],"collection":[{"href":"https:\/\/www.uruservice.com\/pe\/wp-json\/wp\/v2\/posts"}],"about":[{"href":"https:\/\/www.uruservice.com\/pe\/wp-json\/wp\/v2\/types\/post"}],"author":[{"embeddable":true,"href":"https:\/\/www.uruservice.com\/pe\/wp-json\/wp\/v2\/users\/1"}],"replies":[{"embeddable":true,"href":"https:\/\/www.uruservice.com\/pe\/wp-json\/wp\/v2\/comments?post=733"}],"version-history":[{"count":0,"href":"https:\/\/www.uruservice.com\/pe\/wp-json\/wp\/v2\/posts\/733\/revisions"}],"wp:featuredmedia":[{"embeddable":true,"href":"https:\/\/www.uruservice.com\/pe\/wp-json\/wp\/v2\/media\/626"}],"wp:attachment":[{"href":"https:\/\/www.uruservice.com\/pe\/wp-json\/wp\/v2\/media?parent=733"}],"wp:term":[{"taxonomy":"category","embeddable":true,"href":"https:\/\/www.uruservice.com\/pe\/wp-json\/wp\/v2\/categories?post=733"},{"taxonomy":"post_tag","embeddable":true,"href":"https:\/\/www.uruservice.com\/pe\/wp-json\/wp\/v2\/tags?post=733"}],"curies":[{"name":"wp","href":"https:\/\/api.w.org\/{rel}","templated":true}]}}